{"id":207,"date":"2026-03-09T09:00:00","date_gmt":"2026-03-09T12:00:00","guid":{"rendered":"https:\/\/www.trancosotaipe.com\/?p=207"},"modified":"2026-08-25T11:00:32","modified_gmt":"2026-08-25T14:00:32","slug":"historia-do-quadrado-de-trancoso","status":"publish","type":"post","link":"https:\/\/www.trancosotaipe.com\/en\/historia-do-quadrado-de-trancoso\/","title":{"rendered":"A hist\u00f3ria do Quadrado de Trancoso: f\u00e9 e cultura"},"content":{"rendered":"<p>H\u00e1 lugares que se atravessam e h\u00e1 lugares que se habitam, ainda que por uma tarde. O Quadrado de Trancoso pertence ao segundo grupo. Quem chega ao centro hist\u00f3rico do balne\u00e1rio, na Costa do Descobrimento baiana, encontra um gramado largo e levemente inclinado, ladeado por casinhas de cores firmes e contornado por copas antigas, com uma igreja branca debru\u00e7ada sobre o mar ao fundo. \u00c9 um cen\u00e1rio que parece simples, e \u00e9 justamente nessa simplicidade que mora a sua grandeza.<\/p>\n<p><!-- taipe-tldr --><\/p>\n<div style=\"border-left:3px solid #b08d57;background:#faf7f2;padding:12px 20px;margin:22px 0;border-radius:2px\">\n<p style=\"margin:0\"><strong>Em resumo:<\/strong> O Quadrado de Trancoso \u00e9 o centro hist\u00f3rico da vila: um grande largo gramado ladeado por casas coloridas de arquitetura nativa, com a Igreja de S\u00e3o Jo\u00e3o Batista (s\u00e9culo XVI) voltada para o mar. Nasceu como pra\u00e7a de miss\u00e3o jesu\u00edta e tornou-se o s\u00edmbolo de Trancoso.<\/p>\n<\/div>\n<p>A poucos minutos dali, no eixo entre Trancoso e Arraial d&#8217;Ajuda, fica a Praia de Ta\u00edpe, onde nasce o ref\u00fagio Ta\u00edpe, no alto de fal\u00e9sias monumentais e cercado por um dos \u00faltimos trechos de Mata Atl\u00e2ntica intacta da regi\u00e3o. A quinze minutos do Quadrado, o empreendimento herda a mesma rever\u00eancia ao territ\u00f3rio que fez deste largo um dos lugares mais singulares do Brasil. Entender a hist\u00f3ria do Quadrado \u00e9 entender o que significa pertencer a Trancoso.<\/p>\n<h2>A origem jesu\u00edta: o largo como pra\u00e7a de f\u00e9<\/h2>\n<p>A hist\u00f3ria do Quadrado de Trancoso come\u00e7a no s\u00e9culo XVI, quando os jesu\u00edtas chegaram \u00e0 regi\u00e3o e fundaram aldeamentos para catequizar os povos origin\u00e1rios da Costa do Descobrimento. O largo nasceu como pra\u00e7a de miss\u00e3o: um espa\u00e7o comunit\u00e1rio aberto, organizado em torno da igreja, onde a vida religiosa e a vida coletiva se confundiam.<\/p>\n<p>Esse desenho n\u00e3o era ornamental. A pra\u00e7a jesu\u00edta tinha fun\u00e7\u00e3o e ordem, reunir a comunidade, ancorar a f\u00e9, oferecer um centro \u00e0 povoa\u00e7\u00e3o. O Quadrado preserva essa l\u00f3gica at\u00e9 hoje: tudo converge para o gramado e para a igreja, e \u00e9 em volta deles que a vida ainda acontece.<\/p>\n<h3>S\u00e3o Jo\u00e3o Batista, a igreja diante do mar<\/h3>\n<p>No ponto mais alto e mais nobre do largo est\u00e1 a Igreja de S\u00e3o Jo\u00e3o Batista, erguida no s\u00e9culo XVI e voltada para a fal\u00e9sia e o oceano. Pequena, caiada de branco, com linhas econ\u00f4micas e uma serenidade que dispensa adornos, ela \u00e9 o cora\u00e7\u00e3o simb\u00f3lico do Quadrado. Diante dela, o terreno se abre em dire\u00e7\u00e3o ao mar, e o horizonte parece fazer parte da pr\u00f3pria arquitetura.<\/p>\n<p>A igreja n\u00e3o compete com a paisagem: integra-se a ela. Essa rela\u00e7\u00e3o entre constru\u00e7\u00e3o e natureza, em que o edif\u00edcio se curva ao territ\u00f3rio, e n\u00e3o o contr\u00e1rio, \u00e9 uma das li\u00e7\u00f5es mais antigas e mais atuais que Trancoso oferece a quem constr\u00f3i por aqui.<\/p>\n<h2>Por que se chama Quadrado<\/h2>\n<p>O nome tem a sinceridade das coisas de Trancoso: o largo \u00e9, literalmente, um grande ret\u00e2ngulo gramado. Sem cal\u00e7amento rebuscado, sem monumentos imponentes, sem fontes. Apenas o verde do gramado, a terra, as \u00e1rvores e as casas de pescadores e moradores que, ao longo de gera\u00e7\u00f5es, formaram o casario que o emoldura.<\/p>\n<p>Foi esse car\u00e1ter despojado que, com o tempo, transformou um simples largo de miss\u00e3o num s\u00edmbolo. O Quadrado virou sin\u00f4nimo de Trancoso, e, de certa forma, de um modo de viver que valoriza o essencial acima do excesso.<\/p>\n<h2>A arquitetura nativa: as casinhas coloridas<\/h2>\n<p>Quem caminha pelo Quadrado repara logo nas fachadas. As casinhas baixas, geminadas, de cores vivas e contornos brancos, s\u00e3o parte indissoci\u00e1vel da identidade do lugar. Essa arquitetura nativa n\u00e3o surgiu de um manual de estilo, mas do modo de construir poss\u00edvel e adequado ao territ\u00f3rio: volumes simples, materiais da terra, telhados de barro, aberturas pensadas para o calor e a luz do litoral baiano.<\/p>\n<h3>Cores que contam hist\u00f3rias<\/h3>\n<p>As cores intensas das fachadas, azuis, amarelos, vermelhos, verdes, t\u00eam uma origem pr\u00e1tica antes de virarem assinatura visual. Reza a tradi\u00e7\u00e3o que as tonalidades ajudavam pescadores e moradores a identificar cada casa de longe, \u00e0 volta para terra. Com o tempo, esse vocabul\u00e1rio crom\u00e1tico tornou-se patrim\u00f4nio afetivo e est\u00e9tico, hoje cuidadosamente preservado.<\/p>\n<p>O resultado \u00e9 um conjunto raro: uma arquitetura humilde na origem e refinada no efeito, que conversa com o gramado, com as \u00e1rvores e com a luz dourada do fim de tarde. H\u00e1 ali uma eleg\u00e2ncia que n\u00e3o foi imposta, foi acumulada, gera\u00e7\u00e3o ap\u00f3s gera\u00e7\u00e3o.<\/p>\n<h2>Do ref\u00fagio de pescadores ao destino contemplativo<\/h2>\n<p>Por muito tempo, Trancoso permaneceu isolada, acess\u00edvel sobretudo por mar ou por caminhos de dif\u00edcil travessia. Esse afastamento, que poderia ter sido limita\u00e7\u00e3o, acabou sendo a sua maior prote\u00e7\u00e3o: manteve o Quadrado a salvo da pressa e da padroniza\u00e7\u00e3o que transformaram tantos outros lugares do litoral brasileiro.<\/p>\n<p>A partir da segunda metade do s\u00e9culo XX, viajantes em busca de quietude come\u00e7aram a descobrir o vilarejo. Ainda assim, Trancoso resistiu \u00e0 tenta\u00e7\u00e3o do espet\u00e1culo. Cresceu sem perder a escala, sem trair a arquitetura nativa, sem abrir m\u00e3o do sil\u00eancio. O Quadrado continuou sendo o que sempre foi: um lugar para estar, n\u00e3o apenas para passar.<\/p>\n<h3>O Quadrado ao cair da tarde<\/h3>\n<p>H\u00e1 um momento do dia em que o Quadrado revela a sua melhor vers\u00e3o. Quando o sol baixa em dire\u00e7\u00e3o ao mar e a luz se faz obl\u00edqua e dourada, o gramado se enche de gente que caminha sem destino, crian\u00e7as que brincam, conversas que se demoram. As fachadas ganham profundidade, as \u00e1rvores projetam sombras longas e a igreja branca recorta-se contra o c\u00e9u que muda de cor.<\/p>\n<p>N\u00e3o h\u00e1 euforia nessa cena, h\u00e1 contempla\u00e7\u00e3o. \u00c9 um ritual coletivo de fim de dia, sereno e despretensioso, que resume o esp\u00edrito de Trancoso melhor do que qualquer descri\u00e7\u00e3o.<\/p>\n<h2>O Quadrado e a Mata Atl\u00e2ntica: uma mesma li\u00e7\u00e3o de respeito<\/h2>\n<p>O Quadrado n\u00e3o existe isolado. Ao seu redor, e em toda a regi\u00e3o de Trancoso, a Mata Atl\u00e2ntica define a paisagem: as copas que sombreiam o largo, a vegeta\u00e7\u00e3o que desce pelas fal\u00e9sias, o verde que emoldura as praias do eixo Trancoso-Arraial d&#8217;Ajuda. A mesma sensibilidade que preservou a arquitetura nativa preservou tamb\u00e9m a natureza, e as duas coisas, aqui, s\u00e3o insepar\u00e1veis.<\/p>\n<p>\u00c9 essa li\u00e7\u00e3o que ressoa em Ta\u00edpe. Inserido em um terreno de mais de 3 milh\u00f5es de m\u00b2, em meio \u00e0 Mata Atl\u00e2ntica nativa, posicionado no alto das fal\u00e9sias e a quinze minutos do Quadrado, o ref\u00fagio nasce do mesmo princ\u00edpio que organiza o centro hist\u00f3rico: construir em di\u00e1logo com o territ\u00f3rio, e n\u00e3o contra ele. A arquitetura das \u00e1reas comuns, assinada por David Bastos, nome reconhecido por seus projetos em Trancoso, e o paisagismo de Alex Hanazaki, inspirado nas fal\u00e9sias e na vegeta\u00e7\u00e3o nativa, traduzem para o presente a mesma rever\u00eancia que o Quadrado guarda h\u00e1 s\u00e9culos.<\/p>\n<p><em>Imagens e perspectivas do empreendimento t\u00eam car\u00e1ter meramente ilustrativo, conforme a Lei 4591\/64, trata-se de bem a ser constru\u00eddo. Mobili\u00e1rio, acabamentos e paisagismo das \u00e1reas comuns s\u00e3o refer\u00eancia e podem sofrer altera\u00e7\u00f5es.<\/em><\/p>\n<h2>Perguntas frequentes sobre o Quadrado de Trancoso<\/h2>\n<p><strong>O que \u00e9 o Quadrado de Trancoso?<\/strong><br \/>\n\u00c9 o centro hist\u00f3rico de Trancoso: um grande largo gramado, ladeado por casinhas coloridas de arquitetura nativa e tendo ao fundo a Igreja de S\u00e3o Jo\u00e3o Batista, voltada para o mar. Nasceu como pra\u00e7a de miss\u00e3o jesu\u00edta no s\u00e9culo XVI e tornou-se o cora\u00e7\u00e3o e o s\u00edmbolo do balne\u00e1rio.<\/p>\n<p><strong>Por que o Quadrado tem esse nome?<\/strong><br \/>\nPela forma. O largo \u00e9, essencialmente, um grande ret\u00e2ngulo de gramado, sem ornamentos imponentes. O nome reflete a sinceridade do lugar, despojado e direto, caracter\u00edsticas que se tornaram parte de sua identidade.<\/p>\n<p><strong>Qual \u00e9 a igreja do Quadrado de Trancoso?<\/strong><br \/>\nA Igreja de S\u00e3o Jo\u00e3o Batista, erguida no s\u00e9culo XVI no ponto mais nobre do largo, caiada de branco e voltada para a fal\u00e9sia e o oceano. \u00c9 o cora\u00e7\u00e3o simb\u00f3lico do Quadrado.<\/p>\n<p><strong>O que torna a arquitetura de Trancoso t\u00e3o caracter\u00edstica?<\/strong><br \/>\nAs casinhas baixas e geminadas, de cores vivas e contornos brancos, com materiais e solu\u00e7\u00f5es adequados ao clima do litoral baiano. \u00c9 uma arquitetura nativa, simples na origem e refinada no efeito, preservada ao longo de gera\u00e7\u00f5es.<\/p>\n<p><strong>O Quadrado fica perto da Praia de Ta\u00edpe?<\/strong><br \/>\nSim. A Praia de Ta\u00edpe e o ref\u00fagio Ta\u00edpe ficam a cerca de quinze minutos do Quadrado e a tr\u00eas minutos do Aeroporto Terravista, no eixo entre Trancoso e Arraial d&#8217;Ajuda.<\/p>\n<hr \/>\n<p>O Quadrado de Trancoso ensina algo que poucos lugares conseguem dizer com tanta clareza: que o que de fato importa \u00e9 a perman\u00eancia do essencial. A f\u00e9 que organizou o largo, as cores que contam hist\u00f3rias, a Mata Atl\u00e2ntica que tudo emoldura, nada disso precisou gritar para durar. A quinze minutos dali, Ta\u00edpe nasce sob a mesma convic\u00e7\u00e3o, no alto das fal\u00e9sias, diante do mar, em sil\u00eancio.<\/p>\n<p>Para conhecer o ref\u00fagio que se ergue em di\u00e1logo com Trancoso e com a Mata Atl\u00e2ntica, visite <a href=\"https:\/\/www.trancosotaipe.com\/en\/\">trancosotaipe.com<\/a>.<\/p>\n<hr \/>\n<p><strong>Leia tamb\u00e9m:<\/strong><\/p>\n<ul>\n<li><a href=\"https:\/\/www.trancosotaipe.com\/en\/gastronomia-da-bahia-em-trancoso\/\">A gastronomia da Bahia em Trancoso<\/a><\/li>\n<li><a href=\"https:\/\/www.trancosotaipe.com\/en\/praias-de-trancoso\/\">As praias de Trancoso, do Espelho \u00e0 Praia de Ta\u00edpe<\/a><\/li>\n<li><a href=\"https:\/\/www.trancosotaipe.com\/en\/guia-de-trancoso\/\">O que fazer em Trancoso: o guia completo<\/a><\/li>\n<\/ul>\n<p><!-- FAQ schema (SEO\/GEO\/AEO), seo-workflow --><br \/>\n<script type=\"application\/ld+json\">{\"@context\": \"https:\/\/schema.org\", \"@type\": \"FAQPage\", \"mainEntity\": [{\"@type\": \"Question\", \"name\": \"O que \u00e9 o Quadrado de Trancoso?\", \"acceptedAnswer\": {\"@type\": \"Answer\", \"text\": \"\u00c9 o centro hist\u00f3rico de Trancoso: um grande largo gramado, ladeado por casinhas coloridas de arquitetura nativa e tendo ao fundo a Igreja de S\u00e3o Jo\u00e3o Batista, voltada para o mar. Nasceu como pra\u00e7a de miss\u00e3o jesu\u00edta no s\u00e9culo XVI e tornou-se o cora\u00e7\u00e3o e o s\u00edmbolo do balne\u00e1rio.\"}}, {\"@type\": \"Question\", \"name\": \"Por que o Quadrado tem esse nome?\", \"acceptedAnswer\": {\"@type\": \"Answer\", \"text\": \"Pela forma. O largo \u00e9, essencialmente, um grande ret\u00e2ngulo de gramado, sem ornamentos imponentes. O nome reflete a sinceridade do lugar, despojado e direto, caracter\u00edsticas que se tornaram parte de sua identidade.\"}}, {\"@type\": \"Question\", \"name\": \"Qual \u00e9 a igreja do Quadrado de Trancoso?\", \"acceptedAnswer\": {\"@type\": \"Answer\", \"text\": \"A Igreja de S\u00e3o Jo\u00e3o Batista, erguida no s\u00e9culo XVI no ponto mais nobre do largo, caiada de branco e voltada para a fal\u00e9sia e o oceano. \u00c9 o cora\u00e7\u00e3o simb\u00f3lico do Quadrado.\"}}, {\"@type\": \"Question\", \"name\": \"O que torna a arquitetura de Trancoso t\u00e3o caracter\u00edstica?\", \"acceptedAnswer\": {\"@type\": \"Answer\", \"text\": \"As casinhas baixas e geminadas, de cores vivas e contornos brancos, com materiais e solu\u00e7\u00f5es adequados ao clima do litoral baiano. \u00c9 uma arquitetura nativa, simples na origem e refinada no efeito, preservada ao longo de gera\u00e7\u00f5es.\"}}, {\"@type\": \"Question\", \"name\": \"O Quadrado fica perto da Praia de Ta\u00edpe?\", \"acceptedAnswer\": {\"@type\": \"Answer\", \"text\": \"Sim. A Praia de Ta\u00edpe e o ref\u00fagio Ta\u00edpe ficam a cerca de quinze minutos do Quadrado e a tr\u00eas minutos do Aeroporto Terravista, no eixo entre Trancoso e Arraial d\u2019Ajuda.\"}}]}<\/script><\/p>","protected":false},"excerpt":{"rendered":"<p>H\u00e1 lugares que se atravessam e h\u00e1 lugares que se habitam, ainda que por uma tarde. O Quadrado de Trancoso pertence ao segundo grupo. Quem chega ao centro\u2026<\/p>","protected":false},"author":4,"featured_media":420,"comment_status":"open","ping_status":"open","sticky":false,"template":"","format":"standard","meta":{"_yoast_wpseo_focuskw":"quadrado de trancoso","_yoast_wpseo_metadesc":"H\u00e1 lugares que se atravessam e h\u00e1 lugares que se habitam, ainda que por uma tarde. O Quadrado de Trancoso pertence ao segundo grupo. Quem chega ao centro\u2026","footnotes":""},"categories":[9],"tags":[14,12,11],"class_list":["post-207","post","type-post","status-publish","format-standard","has-post-thumbnail","hentry","category-trancoso-e-regiao","tag-quadrado-de-trancoso","tag-taipe","tag-trancoso"],"yoast_head":"<!-- This site is optimized with the Yoast SEO plugin v26.8 - https:\/\/yoast.com\/product\/yoast-seo-wordpress\/ -->\n<title>A hist\u00f3ria do Quadrado de Trancoso: f\u00e9 e cultura - Ta\u00edpe<\/title>\n<meta name=\"description\" content=\"H\u00e1 lugares que se atravessam e h\u00e1 lugares que se habitam, ainda que por uma tarde. O Quadrado de Trancoso pertence ao segundo grupo. Quem chega ao centro\u2026\" \/>\n<meta name=\"robots\" content=\"index, follow, max-snippet:-1, max-image-preview:large, max-video-preview:-1\" \/>\n<link rel=\"canonical\" href=\"https:\/\/www.trancosotaipe.com\/en\/historia-do-quadrado-de-trancoso\/\" \/>\n<meta property=\"og:locale\" content=\"en_US\" \/>\n<meta property=\"og:type\" content=\"article\" \/>\n<meta property=\"og:title\" content=\"A hist\u00f3ria do Quadrado de Trancoso: f\u00e9 e cultura - Ta\u00edpe\" \/>\n<meta property=\"og:description\" content=\"H\u00e1 lugares que se atravessam e h\u00e1 lugares que se habitam, ainda que por uma tarde. O Quadrado de Trancoso pertence ao segundo grupo. Quem chega ao centro\u2026\" \/>\n<meta property=\"og:url\" content=\"https:\/\/www.trancosotaipe.com\/en\/historia-do-quadrado-de-trancoso\/\" \/>\n<meta property=\"og:site_name\" content=\"Ta\u00edpe\" \/>\n<meta property=\"article:publisher\" content=\"https:\/\/www.instagram.com\/taipetrancoso\/\" \/>\n<meta property=\"article:published_time\" content=\"2026-03-09T12:00:00+00:00\" \/>\n<meta property=\"article:modified_time\" content=\"2026-08-25T14:00:32+00:00\" \/>\n<meta property=\"og:image\" content=\"https:\/\/www.trancosotaipe.com\/cms\/wp-content\/uploads\/2026\/06\/hero-03-2.webp\" \/>\n\t<meta property=\"og:image:width\" content=\"1440\" \/>\n\t<meta property=\"og:image:height\" content=\"810\" \/>\n\t<meta property=\"og:image:type\" content=\"image\/webp\" \/>\n<meta name=\"author\" content=\"Ta\u00edpe\" \/>\n<meta name=\"twitter:card\" content=\"summary_large_image\" \/>\n<meta name=\"twitter:label1\" content=\"Written by\" \/>\n\t<meta name=\"twitter:data1\" content=\"Ta\u00edpe\" \/>\n\t<meta name=\"twitter:label2\" content=\"Est. reading time\" \/>\n\t<meta name=\"twitter:data2\" content=\"8 minutes\" \/>\n<script type=\"application\/ld+json\" class=\"yoast-schema-graph\">{\"@context\":\"https:\/\/schema.org\",\"@graph\":[{\"@type\":\"Article\",\"@id\":\"https:\/\/www.trancosotaipe.com\/historia-do-quadrado-de-trancoso\/#article\",\"isPartOf\":{\"@id\":\"https:\/\/www.trancosotaipe.com\/historia-do-quadrado-de-trancoso\/\"},\"author\":{\"name\":\"Ta\u00edpe\",\"@id\":\"https:\/\/www.trancosotaipe.com\/#\/schema\/person\/c0c2900bf8502790ebf104dbf5ca0cae\"},\"headline\":\"A hist\u00f3ria do Quadrado de Trancoso: f\u00e9 e cultura\",\"datePublished\":\"2026-03-09T12:00:00+00:00\",\"dateModified\":\"2026-08-25T14:00:32+00:00\",\"mainEntityOfPage\":{\"@id\":\"https:\/\/www.trancosotaipe.com\/historia-do-quadrado-de-trancoso\/\"},\"wordCount\":1623,\"commentCount\":0,\"publisher\":{\"@id\":\"https:\/\/www.trancosotaipe.com\/#organization\"},\"image\":{\"@id\":\"https:\/\/www.trancosotaipe.com\/historia-do-quadrado-de-trancoso\/#primaryimage\"},\"thumbnailUrl\":\"https:\/\/www.trancosotaipe.com\/cms\/wp-content\/uploads\/2026\/06\/hero-03-2.webp\",\"keywords\":[\"quadrado de trancoso\",\"Ta\u00edpe\",\"Trancoso\"],\"articleSection\":[\"Trancoso e Regi\u00e3o\"],\"inLanguage\":\"en-US\",\"potentialAction\":[{\"@type\":\"CommentAction\",\"name\":\"Comment\",\"target\":[\"https:\/\/www.trancosotaipe.com\/historia-do-quadrado-de-trancoso\/#respond\"]}]},{\"@type\":\"WebPage\",\"@id\":\"https:\/\/www.trancosotaipe.com\/historia-do-quadrado-de-trancoso\/\",\"url\":\"https:\/\/www.trancosotaipe.com\/historia-do-quadrado-de-trancoso\/\",\"name\":\"A hist\u00f3ria do Quadrado de Trancoso: f\u00e9 e cultura - Ta\u00edpe\",\"isPartOf\":{\"@id\":\"https:\/\/www.trancosotaipe.com\/#website\"},\"primaryImageOfPage\":{\"@id\":\"https:\/\/www.trancosotaipe.com\/historia-do-quadrado-de-trancoso\/#primaryimage\"},\"image\":{\"@id\":\"https:\/\/www.trancosotaipe.com\/historia-do-quadrado-de-trancoso\/#primaryimage\"},\"thumbnailUrl\":\"https:\/\/www.trancosotaipe.com\/cms\/wp-content\/uploads\/2026\/06\/hero-03-2.webp\",\"datePublished\":\"2026-03-09T12:00:00+00:00\",\"dateModified\":\"2026-08-25T14:00:32+00:00\",\"description\":\"H\u00e1 lugares que se atravessam e h\u00e1 lugares que se habitam, ainda que por uma tarde. O Quadrado de Trancoso pertence ao segundo grupo. Quem chega ao centro\u2026\",\"breadcrumb\":{\"@id\":\"https:\/\/www.trancosotaipe.com\/historia-do-quadrado-de-trancoso\/#breadcrumb\"},\"inLanguage\":\"en-US\",\"potentialAction\":[{\"@type\":\"ReadAction\",\"target\":[\"https:\/\/www.trancosotaipe.com\/historia-do-quadrado-de-trancoso\/\"]}]},{\"@type\":\"ImageObject\",\"inLanguage\":\"en-US\",\"@id\":\"https:\/\/www.trancosotaipe.com\/historia-do-quadrado-de-trancoso\/#primaryimage\",\"url\":\"https:\/\/www.trancosotaipe.com\/cms\/wp-content\/uploads\/2026\/06\/hero-03-2.webp\",\"contentUrl\":\"https:\/\/www.trancosotaipe.com\/cms\/wp-content\/uploads\/2026\/06\/hero-03-2.webp\",\"width\":1440,\"height\":810,\"caption\":\"Atmosfera de Trancoso ao entardecer, no sul da Bahia\"},{\"@type\":\"BreadcrumbList\",\"@id\":\"https:\/\/www.trancosotaipe.com\/historia-do-quadrado-de-trancoso\/#breadcrumb\",\"itemListElement\":[{\"@type\":\"ListItem\",\"position\":1,\"name\":\"In\u00edcio\",\"item\":\"https:\/\/www.trancosotaipe.com\/\"},{\"@type\":\"ListItem\",\"position\":2,\"name\":\"A hist\u00f3ria do Quadrado de Trancoso: f\u00e9 e cultura\"}]},{\"@type\":\"WebSite\",\"@id\":\"https:\/\/www.trancosotaipe.com\/#website\",\"url\":\"https:\/\/www.trancosotaipe.com\/\",\"name\":\"Ta\u00edpe Trancoso\",\"description\":\"Portal oficial do empreendimento Ta\u00edpe Trancoso, oferecendo informa\u00e7\u00f5es sobre vilas residenciais de alto padr\u00e3o na Bahia.\",\"publisher\":{\"@id\":\"https:\/\/www.trancosotaipe.com\/#organization\"},\"alternateName\":\"Ta\u00edpe\",\"potentialAction\":[{\"@type\":\"SearchAction\",\"target\":{\"@type\":\"EntryPoint\",\"urlTemplate\":\"https:\/\/www.trancosotaipe.com\/?s={search_term_string}\"},\"query-input\":{\"@type\":\"PropertyValueSpecification\",\"valueRequired\":true,\"valueName\":\"search_term_string\"}}],\"inLanguage\":\"en-US\"},{\"@type\":\"Organization\",\"@id\":\"https:\/\/www.trancosotaipe.com\/#organization\",\"name\":\"Ta\u00edpe Trancoso\",\"alternateName\":\"Ta\u00edpe\",\"url\":\"https:\/\/www.trancosotaipe.com\/\",\"logo\":{\"@type\":\"ImageObject\",\"inLanguage\":\"en-US\",\"@id\":\"https:\/\/www.trancosotaipe.com\/#\/schema\/logo\/image\/\",\"url\":\"https:\/\/www.trancosotaipe.com\/cms\/wp-content\/uploads\/2026\/01\/taipe-trancoso-bahia.webp\",\"contentUrl\":\"https:\/\/www.trancosotaipe.com\/cms\/wp-content\/uploads\/2026\/01\/taipe-trancoso-bahia.webp\",\"width\":1200,\"height\":675,\"caption\":\"Ta\u00edpe Trancoso\"},\"image\":{\"@id\":\"https:\/\/www.trancosotaipe.com\/#\/schema\/logo\/image\/\"},\"sameAs\":[\"https:\/\/www.instagram.com\/taipetrancoso\/\"]},{\"@type\":\"Person\",\"@id\":\"https:\/\/www.trancosotaipe.com\/#\/schema\/person\/c0c2900bf8502790ebf104dbf5ca0cae\",\"name\":\"Ta\u00edpe\",\"image\":{\"@type\":\"ImageObject\",\"inLanguage\":\"en-US\",\"@id\":\"https:\/\/www.trancosotaipe.com\/#\/schema\/person\/image\/\",\"url\":\"https:\/\/secure.gravatar.com\/avatar\/28f5e082e790ad6550398397824df12dbb20fb60934bbd397c8dc1425ba4c9f6?s=96&d=mm&r=g\",\"contentUrl\":\"https:\/\/secure.gravatar.com\/avatar\/28f5e082e790ad6550398397824df12dbb20fb60934bbd397c8dc1425ba4c9f6?s=96&d=mm&r=g\",\"caption\":\"Ta\u00edpe\"},\"description\":\"Conte\u00fado produzido pela equipe editorial de Ta\u00edpe, empreendimento residencial de alto padr\u00e3o do Grupo Enseada Realty na Praia de Ta\u00edpe, em Trancoso, Bahia. Textos sobre a regi\u00e3o, sua geografia, cultura e modo de vida, com informa\u00e7\u00f5es verificadas em fontes oficiais.\",\"sameAs\":[\"https:\/\/www.trancosotaipe.com\/\"],\"url\":\"https:\/\/www.trancosotaipe.com\/en\/author\/seo-nucleo\/\"}]}<\/script>\n<!-- \/ Yoast SEO plugin. -->","yoast_head_json":{"title":"A hist\u00f3ria do Quadrado de Trancoso: f\u00e9 e cultura - Ta\u00edpe","description":"H\u00e1 lugares que se atravessam e h\u00e1 lugares que se habitam, ainda que por uma tarde. O Quadrado de Trancoso pertence ao segundo grupo. Quem chega ao centro\u2026","robots":{"index":"index","follow":"follow","max-snippet":"max-snippet:-1","max-image-preview":"max-image-preview:large","max-video-preview":"max-video-preview:-1"},"canonical":"https:\/\/www.trancosotaipe.com\/en\/historia-do-quadrado-de-trancoso\/","og_locale":"en_US","og_type":"article","og_title":"A hist\u00f3ria do Quadrado de Trancoso: f\u00e9 e cultura - Ta\u00edpe","og_description":"H\u00e1 lugares que se atravessam e h\u00e1 lugares que se habitam, ainda que por uma tarde. O Quadrado de Trancoso pertence ao segundo grupo. Quem chega ao centro\u2026","og_url":"https:\/\/www.trancosotaipe.com\/en\/historia-do-quadrado-de-trancoso\/","og_site_name":"Ta\u00edpe","article_publisher":"https:\/\/www.instagram.com\/taipetrancoso\/","article_published_time":"2026-03-09T12:00:00+00:00","article_modified_time":"2026-08-25T14:00:32+00:00","og_image":[{"width":1440,"height":810,"url":"https:\/\/www.trancosotaipe.com\/cms\/wp-content\/uploads\/2026\/06\/hero-03-2.webp","type":"image\/webp"}],"author":"Ta\u00edpe","twitter_card":"summary_large_image","twitter_misc":{"Written by":"Ta\u00edpe","Est. reading time":"8 minutes"},"schema":{"@context":"https:\/\/schema.org","@graph":[{"@type":"Article","@id":"https:\/\/www.trancosotaipe.com\/historia-do-quadrado-de-trancoso\/#article","isPartOf":{"@id":"https:\/\/www.trancosotaipe.com\/historia-do-quadrado-de-trancoso\/"},"author":{"name":"Ta\u00edpe","@id":"https:\/\/www.trancosotaipe.com\/#\/schema\/person\/c0c2900bf8502790ebf104dbf5ca0cae"},"headline":"A hist\u00f3ria do Quadrado de Trancoso: f\u00e9 e cultura","datePublished":"2026-03-09T12:00:00+00:00","dateModified":"2026-08-25T14:00:32+00:00","mainEntityOfPage":{"@id":"https:\/\/www.trancosotaipe.com\/historia-do-quadrado-de-trancoso\/"},"wordCount":1623,"commentCount":0,"publisher":{"@id":"https:\/\/www.trancosotaipe.com\/#organization"},"image":{"@id":"https:\/\/www.trancosotaipe.com\/historia-do-quadrado-de-trancoso\/#primaryimage"},"thumbnailUrl":"https:\/\/www.trancosotaipe.com\/cms\/wp-content\/uploads\/2026\/06\/hero-03-2.webp","keywords":["quadrado de trancoso","Ta\u00edpe","Trancoso"],"articleSection":["Trancoso e Regi\u00e3o"],"inLanguage":"en-US","potentialAction":[{"@type":"CommentAction","name":"Comment","target":["https:\/\/www.trancosotaipe.com\/historia-do-quadrado-de-trancoso\/#respond"]}]},{"@type":"WebPage","@id":"https:\/\/www.trancosotaipe.com\/historia-do-quadrado-de-trancoso\/","url":"https:\/\/www.trancosotaipe.com\/historia-do-quadrado-de-trancoso\/","name":"A hist\u00f3ria do Quadrado de Trancoso: f\u00e9 e cultura - Ta\u00edpe","isPartOf":{"@id":"https:\/\/www.trancosotaipe.com\/#website"},"primaryImageOfPage":{"@id":"https:\/\/www.trancosotaipe.com\/historia-do-quadrado-de-trancoso\/#primaryimage"},"image":{"@id":"https:\/\/www.trancosotaipe.com\/historia-do-quadrado-de-trancoso\/#primaryimage"},"thumbnailUrl":"https:\/\/www.trancosotaipe.com\/cms\/wp-content\/uploads\/2026\/06\/hero-03-2.webp","datePublished":"2026-03-09T12:00:00+00:00","dateModified":"2026-08-25T14:00:32+00:00","description":"H\u00e1 lugares que se atravessam e h\u00e1 lugares que se habitam, ainda que por uma tarde. O Quadrado de Trancoso pertence ao segundo grupo. Quem chega ao centro\u2026","breadcrumb":{"@id":"https:\/\/www.trancosotaipe.com\/historia-do-quadrado-de-trancoso\/#breadcrumb"},"inLanguage":"en-US","potentialAction":[{"@type":"ReadAction","target":["https:\/\/www.trancosotaipe.com\/historia-do-quadrado-de-trancoso\/"]}]},{"@type":"ImageObject","inLanguage":"en-US","@id":"https:\/\/www.trancosotaipe.com\/historia-do-quadrado-de-trancoso\/#primaryimage","url":"https:\/\/www.trancosotaipe.com\/cms\/wp-content\/uploads\/2026\/06\/hero-03-2.webp","contentUrl":"https:\/\/www.trancosotaipe.com\/cms\/wp-content\/uploads\/2026\/06\/hero-03-2.webp","width":1440,"height":810,"caption":"Atmosfera de Trancoso ao entardecer, no sul da Bahia"},{"@type":"BreadcrumbList","@id":"https:\/\/www.trancosotaipe.com\/historia-do-quadrado-de-trancoso\/#breadcrumb","itemListElement":[{"@type":"ListItem","position":1,"name":"In\u00edcio","item":"https:\/\/www.trancosotaipe.com\/"},{"@type":"ListItem","position":2,"name":"A hist\u00f3ria do Quadrado de Trancoso: f\u00e9 e cultura"}]},{"@type":"WebSite","@id":"https:\/\/www.trancosotaipe.com\/#website","url":"https:\/\/www.trancosotaipe.com\/","name":"Ta\u00edpe Trancoso","description":"Portal oficial do empreendimento Ta\u00edpe Trancoso, oferecendo informa\u00e7\u00f5es sobre vilas residenciais de alto padr\u00e3o na Bahia.","publisher":{"@id":"https:\/\/www.trancosotaipe.com\/#organization"},"alternateName":"Ta\u00edpe","potentialAction":[{"@type":"SearchAction","target":{"@type":"EntryPoint","urlTemplate":"https:\/\/www.trancosotaipe.com\/?s={search_term_string}"},"query-input":{"@type":"PropertyValueSpecification","valueRequired":true,"valueName":"search_term_string"}}],"inLanguage":"en-US"},{"@type":"Organization","@id":"https:\/\/www.trancosotaipe.com\/#organization","name":"Ta\u00edpe Trancoso","alternateName":"Ta\u00edpe","url":"https:\/\/www.trancosotaipe.com\/","logo":{"@type":"ImageObject","inLanguage":"en-US","@id":"https:\/\/www.trancosotaipe.com\/#\/schema\/logo\/image\/","url":"https:\/\/www.trancosotaipe.com\/cms\/wp-content\/uploads\/2026\/01\/taipe-trancoso-bahia.webp","contentUrl":"https:\/\/www.trancosotaipe.com\/cms\/wp-content\/uploads\/2026\/01\/taipe-trancoso-bahia.webp","width":1200,"height":675,"caption":"Ta\u00edpe Trancoso"},"image":{"@id":"https:\/\/www.trancosotaipe.com\/#\/schema\/logo\/image\/"},"sameAs":["https:\/\/www.instagram.com\/taipetrancoso\/"]},{"@type":"Person","@id":"https:\/\/www.trancosotaipe.com\/#\/schema\/person\/c0c2900bf8502790ebf104dbf5ca0cae","name":"Ta\u00edpe","image":{"@type":"ImageObject","inLanguage":"en-US","@id":"https:\/\/www.trancosotaipe.com\/#\/schema\/person\/image\/","url":"https:\/\/secure.gravatar.com\/avatar\/28f5e082e790ad6550398397824df12dbb20fb60934bbd397c8dc1425ba4c9f6?s=96&d=mm&r=g","contentUrl":"https:\/\/secure.gravatar.com\/avatar\/28f5e082e790ad6550398397824df12dbb20fb60934bbd397c8dc1425ba4c9f6?s=96&d=mm&r=g","caption":"Ta\u00edpe"},"description":"Conte\u00fado produzido pela equipe editorial de Ta\u00edpe, empreendimento residencial de alto padr\u00e3o do Grupo Enseada Realty na Praia de Ta\u00edpe, em Trancoso, Bahia. Textos sobre a regi\u00e3o, sua geografia, cultura e modo de vida, com informa\u00e7\u00f5es verificadas em fontes oficiais.","sameAs":["https:\/\/www.trancosotaipe.com\/"],"url":"https:\/\/www.trancosotaipe.com\/en\/author\/seo-nucleo\/"}]}},"_links":{"self":[{"href":"https:\/\/www.trancosotaipe.com\/en\/wp-json\/wp\/v2\/posts\/207","targetHints":{"allow":["GET"]}}],"collection":[{"href":"https:\/\/www.trancosotaipe.com\/en\/wp-json\/wp\/v2\/posts"}],"about":[{"href":"https:\/\/www.trancosotaipe.com\/en\/wp-json\/wp\/v2\/types\/post"}],"author":[{"embeddable":true,"href":"https:\/\/www.trancosotaipe.com\/en\/wp-json\/wp\/v2\/users\/4"}],"replies":[{"embeddable":true,"href":"https:\/\/www.trancosotaipe.com\/en\/wp-json\/wp\/v2\/comments?post=207"}],"version-history":[{"count":8,"href":"https:\/\/www.trancosotaipe.com\/en\/wp-json\/wp\/v2\/posts\/207\/revisions"}],"predecessor-version":[{"id":536,"href":"https:\/\/www.trancosotaipe.com\/en\/wp-json\/wp\/v2\/posts\/207\/revisions\/536"}],"wp:featuredmedia":[{"embeddable":true,"href":"https:\/\/www.trancosotaipe.com\/en\/wp-json\/wp\/v2\/media\/420"}],"wp:attachment":[{"href":"https:\/\/www.trancosotaipe.com\/en\/wp-json\/wp\/v2\/media?parent=207"}],"wp:term":[{"taxonomy":"category","embeddable":true,"href":"https:\/\/www.trancosotaipe.com\/en\/wp-json\/wp\/v2\/categories?post=207"},{"taxonomy":"post_tag","embeddable":true,"href":"https:\/\/www.trancosotaipe.com\/en\/wp-json\/wp\/v2\/tags?post=207"}],"curies":[{"name":"wp","href":"https:\/\/api.w.org\/{rel}","templated":true}]}}