{"id":220,"date":"2026-06-08T09:00:00","date_gmt":"2026-06-08T12:00:00","guid":{"rendered":"https:\/\/www.trancosotaipe.com\/?p=220"},"modified":"2026-08-25T11:00:41","modified_gmt":"2026-08-25T14:00:41","slug":"melhor-epoca-para-visitar-trancoso","status":"publish","type":"post","link":"https:\/\/www.trancosotaipe.com\/en\/melhor-epoca-para-visitar-trancoso\/","title":{"rendered":"Melhor \u00e9poca para ir a Trancoso: o clima, o tempo e o ritmo das esta\u00e7\u00f5es no extremo sul da Bahia"},"content":{"rendered":"<p>H\u00e1 um instante, em Trancoso, em que o dia parece desacelerar por conta pr\u00f3pria. O sol baixa sobre as fal\u00e9sias, a luz se faz dourada e morna, e o vento que vem do mar carrega o cheiro de maresia misturado ao verde \u00famido da Mata Atl\u00e2ntica. \u00c9 um momento que se repete o ano inteiro, mas que muda de textura conforme a esta\u00e7\u00e3o. Quem se pergunta qual a <strong>melhor \u00e9poca para ir a Trancoso<\/strong> descobre, cedo, que n\u00e3o existe uma \u00fanica resposta. Existe a sua resposta: aquela que combina o clima que voc\u00ea procura, o ritmo que voc\u00ea deseja e a quietude que est\u00e1 disposto a trocar pelo movimento.<\/p>\n<p>Trancoso fica no extremo sul da Bahia, no eixo entre Arraial d&#8217;Ajuda e Porto Seguro, banhado por um clima tropical \u00famido que mant\u00e9m o verde sempre vivo e as temperaturas amenas durante quase todo o ano. N\u00e3o h\u00e1, aqui, o rigor das quatro esta\u00e7\u00f5es marcadas. H\u00e1, antes, dois grandes tempos, um mais luminoso e movimentado, outro mais recolhido e silencioso, e uma infinidade de nuances entre eles. Este guia percorre cada um desses tempos para que voc\u00ea escolha n\u00e3o apenas quando vir, mas como quer encontrar Trancoso.<\/p>\n<h2>O clima de Trancoso ao longo do ano<\/h2>\n<p>O litoral do extremo sul baiano tem um clima generoso. As temperaturas costumam permanecer agrad\u00e1veis o ano inteiro, raramente descendo o suficiente para dispensar o banho de mar e raramente subindo a ponto de tornar o calor opressivo. A umidade da Mata Atl\u00e2ntica suaviza os extremos: mesmo nos meses mais quentes, a brisa do oceano e a sombra densa da vegeta\u00e7\u00e3o nativa oferecem al\u00edvio.<\/p>\n<p>De modo geral, o calend\u00e1rio se organiza em dois movimentos. H\u00e1 um per\u00edodo mais seco e ensolarado, que se estende pelos meses de outono e inverno do hemisf\u00e9rio sul, com dias claros, mar mais calmo e noites de temperatura amena. E h\u00e1 um per\u00edodo mais quente e \u00famido, no fim da primavera e ao longo do ver\u00e3o, quando as chuvas se tornam mais frequentes, geralmente pancadas r\u00e1pidas, que passam e devolvem o c\u00e9u ao azul, e a paisagem atinge seu verde mais exuberante.<\/p>\n<p>Vale lembrar que, no litoral, a chuva tem outro car\u00e1ter: ela vem, lava o ar, intensifica os aromas da mata e segue adiante. Raramente compromete um dia inteiro. Para quem aprecia a contempla\u00e7\u00e3o, h\u00e1 poucas imagens t\u00e3o belas quanto a de uma chuva passageira vista do alto das fal\u00e9sias, com o mar mudando de cor sob as nuvens.<\/p>\n<p><img decoding=\"async\" alt=\"Nascer do sol iluminando a vegeta\u00e7\u00e3o nativa e o mar na regi\u00e3o de Ta\u00edpe, Trancoso, sul da Bahia\" src=\"https:\/\/www.trancosotaipe.com\/cms\/wp-content\/uploads\/2026\/06\/magnific_macro-closeup-photograph-_ubnbBRdQLD.jpg\" style=\"display:block;margin:1.6rem auto;max-width:680px;width:100%;height:auto;border-radius:6px;\" \/><br \/>\n<em style=\"display:block;text-align:center;font-size:.85em;color:#666;margin:.4rem auto 1.6rem;\">Imagem ilustrativa.<\/em><\/p>\n<h2>As esta\u00e7\u00f5es em Trancoso: o que esperar de cada tempo<\/h2>\n<h3>Primavera e ver\u00e3o: a esta\u00e7\u00e3o luminosa<\/h3>\n<p>Entre o fim do ano e os primeiros meses do ano seguinte, Trancoso vive seu tempo mais solar. Os dias s\u00e3o longos, o mar fica morno e convidativo, e a vila pulsa com a energia da temporada. \u00c9 quando a luz se faz mais intensa sobre as areias da Praia de Ta\u00edpe e o verde da Mata Atl\u00e2ntica alcan\u00e7a sua plenitude, alimentado pelas chuvas de ver\u00e3o.<\/p>\n<p>Esse \u00e9 o per\u00edodo de maior movimento, e, para muitos, o auge da experi\u00eancia trancosense: as noites animadas no Quadrado, os jantares ao ar livre, o burburinho elegante que toma conta da vila. Para quem busca encontros, celebra\u00e7\u00e3o e a vibra\u00e7\u00e3o de uma alta temporada elegante, \u00e9 o momento ideal.<\/p>\n<h3>Outono e inverno: a esta\u00e7\u00e3o do recolhimento<\/h3>\n<p>Passada a euforia do ver\u00e3o, Trancoso recobra um f\u00f4lego mais sereno. Os meses de outono e inverno trazem dias mais secos, c\u00e9u limpo, mar tranquilo e uma temperatura amena que convida a caminhadas longas e tardes sem pressa. O movimento diminui, os pre\u00e7os tendem a se acomodar e a vila revela uma face mais \u00edntima, talvez a mais fiel ao esp\u00edrito original do lugar.<\/p>\n<p>\u00c9 a esta\u00e7\u00e3o preferida de quem valoriza o sil\u00eancio, a privacidade e a contempla\u00e7\u00e3o. As trilhas pela mata, o tempo diante das fal\u00e9sias, o p\u00f4r do sol sem plateia: tudo ganha uma qualidade mais pessoal. Para o viajante que entende o sossego como o maior dos privil\u00e9gios, este pode ser o melhor de Trancoso.<\/p>\n<h2>Alta temporada e baixa temporada: dois modos de viver o mesmo lugar<\/h2>\n<p>A escolha entre alta e baixa temporada \u00e9, no fundo, a escolha entre dois temperamentos.<\/p>\n<p><strong>A alta temporada<\/strong> concentra-se no ver\u00e3o e nos feriados prolongados. \u00c9 o tempo da Trancoso celebrada nas revistas: a vila cheia, a agenda intensa, o melhor da gastronomia e da vida social reunidos. Os dias s\u00e3o quentes e ensolarados, o mar est\u00e1 em seu ponto, e h\u00e1 uma energia coletiva dif\u00edcil de encontrar em qualquer outro momento do ano. Em contrapartida, \u00e9 quando tudo est\u00e1 mais concorrido, da reserva de mesa ao espa\u00e7o na areia, e mais valorizado. Quem viaja nesse per\u00edodo faz bem em planejar com anteced\u00eancia.<\/p>\n<p><strong>A baixa temporada<\/strong>, por sua vez, \u00e9 o segredo dos que conhecem Trancoso de verdade. Fora dos picos de movimento, a vila se entrega com mais generosidade: restaurantes sem espera, praias quase desertas, hospedagem mais tranquila e um clima ainda assim ameno e convidativo. \u00c9 o tempo de quem vem para descansar de fato, para ouvir o mar e a mata sem ru\u00eddo de fundo. Para o morador de alto padr\u00e3o, aquele que n\u00e3o visita Trancoso, mas pertence a ela, a baixa temporada talvez seja a express\u00e3o mais pura do que significa ter um ref\u00fagio neste litoral.<\/p>\n<p><img decoding=\"async\" alt=\"Fim de tarde dourado sobre o litoral de Trancoso na alta temporada, extremo sul da Bahia\" src=\"https:\/\/www.trancosotaipe.com\/cms\/wp-content\/uploads\/2026\/06\/magnific_editorial-photograph-insp_kLDLaXw16B.jpg\" style=\"display:block;margin:1.6rem auto;max-width:680px;width:100%;height:auto;border-radius:6px;\" \/><br \/>\n<em style=\"display:block;text-align:center;font-size:.85em;color:#666;margin:.4rem auto 1.6rem;\">Imagem ilustrativa.<\/em><\/p>\n<h2>R\u00e9veillon em Trancoso: a virada do ano no Quadrado<\/h2>\n<p>Poucos lugares no Brasil celebram a passagem do ano com a eleg\u00e2ncia de Trancoso. O R\u00e9veillon \u00e9, sem exagero, um cap\u00edtulo \u00e0 parte no calend\u00e1rio da vila: o Quadrado iluminado, a Igreja de S\u00e3o Jo\u00e3o Batista ao fundo, as festas que re\u00fanem um p\u00fablico vindo de todo o mundo, e a virada vivida com os p\u00e9s na areia, sob o c\u00e9u estrelado do extremo sul baiano.<\/p>\n<p>\u00c9 o momento mais disputado e mais intenso do ano. A vila atinge sua lota\u00e7\u00e3o m\u00e1xima, a programa\u00e7\u00e3o se multiplica e a atmosfera de celebra\u00e7\u00e3o toma conta de cada esquina. Para quem sonha com uma virada memor\u00e1vel, em um cen\u00e1rio onde natureza e refinamento se encontram, o R\u00e9veillon de Trancoso \u00e9 uma experi\u00eancia rara.<\/p>\n<p>Por ser o per\u00edodo mais procurado, exige o maior planejamento de todos: hospedagem, reservas e deslocamentos costumam se esgotar com larga anteced\u00eancia.<\/p>\n<p><img decoding=\"async\" alt=\"Casal em momento de descanso diante da paisagem de fal\u00e9sias e mar em Trancoso, Bahia\" src=\"https:\/\/www.trancosotaipe.com\/cms\/wp-content\/uploads\/2026\/06\/magnific_mesclando-img17-e-img19-c_LUBU9iDswO.jpg\" style=\"display:block;margin:1.6rem auto;max-width:680px;width:100%;height:auto;border-radius:6px;\" \/><br \/>\n<em style=\"display:block;text-align:center;font-size:.85em;color:#666;margin:.4rem auto 1.6rem;\">Imagem ilustrativa.<\/em><\/p>\n<h2>Ent\u00e3o, qual \u00e9 a melhor \u00e9poca para ir a Trancoso?<\/h2>\n<p>A melhor \u00e9poca \u00e9 aquela afinada com o que voc\u00ea procura.<\/p>\n<ul>\n<li><strong>Para sol, mar morno e vida social intensa:<\/strong> o ver\u00e3o e a alta temporada, com seus dias longos e luminosos.<\/li>\n<li><strong>Para sil\u00eancio, privacidade e contempla\u00e7\u00e3o:<\/strong> o outono e o inverno, quando a vila recolhe-se ao seu ritmo mais \u00edntimo.<\/li>\n<li><strong>Para celebra\u00e7\u00e3o e atmosfera \u00fanica:<\/strong> o R\u00e9veillon, a virada mais elegante do litoral baiano, desde que planejada com anteced\u00eancia.<\/li>\n<li><strong>Para o melhor custo e tranquilidade:<\/strong> a baixa temporada, generosa com quem busca descanso verdadeiro.<\/li>\n<\/ul>\n<p>Em Ta\u00edpe, a poucos minutos do Quadrado e diante de uma das praias mais exclusivas de Trancoso, cada esta\u00e7\u00e3o tem o seu encanto. O verde da Mata Atl\u00e2ntica n\u00e3o se ausenta nunca; a luz dourada do fim de tarde sobre as fal\u00e9sias retorna todos os dias; e o som das ondas, l\u00e1 embaixo, acompanha o ano inteiro. Talvez seja por isso que quem encontra Trancoso na esta\u00e7\u00e3o certa raramente queira ir embora, e quem faz dela um ref\u00fagio permanente descobre que n\u00e3o h\u00e1, afinal, uma \u00fanica melhor \u00e9poca. H\u00e1 a vida inteira.<\/p>\n<p>Para conhecer de perto o que \u00e9 viver Trancoso em qualquer tempo do ano, explore o universo de Ta\u00edpe em <a href=\"https:\/\/www.trancosotaipe.com\/en\/\">trancosotaipe.com<\/a>.<\/p>\n<hr \/>\n<h2>Perguntas frequentes<\/h2>\n<p><strong>Qual \u00e9 a melhor \u00e9poca para ir a Trancoso?<\/strong><br \/>\nDepende do que voc\u00ea busca. O ver\u00e3o e a alta temporada oferecem sol intenso, mar morno e vida social agitada. O outono e o inverno trazem dias secos, c\u00e9u limpo, temperaturas amenas e muito mais tranquilidade. Para quem valoriza sil\u00eancio e privacidade, a baixa temporada costuma ser a experi\u00eancia mais aut\u00eantica.<\/p>\n<p><strong>Quando \u00e9 a alta temporada em Trancoso?<\/strong><br \/>\nA alta temporada concentra-se no ver\u00e3o e nos feriados prolongados, com pico na virada do ano. \u00c9 o per\u00edodo de maior movimento, clima mais quente e maior procura por hospedagem e restaurantes, o que recomenda planejamento antecipado.<\/p>\n<p><strong>Como \u00e9 o clima de Trancoso ao longo do ano?<\/strong><br \/>\nTrancoso tem clima tropical \u00famido, com temperaturas agrad\u00e1veis durante quase todo o ano. H\u00e1 um per\u00edodo mais seco e ensolarado no outono e inverno, e um per\u00edodo mais quente e \u00famido na primavera e no ver\u00e3o, quando as chuvas costumam ser pancadas r\u00e1pidas e passageiras.<\/p>\n<p><strong>Vale a pena passar o R\u00e9veillon em Trancoso?<\/strong><br \/>\nPara quem busca uma virada de ano em um cen\u00e1rio que une natureza e refinamento, sim. O R\u00e9veillon de Trancoso \u00e9 c\u00e9lebre pela atmosfera do Quadrado iluminado e pela eleg\u00e2ncia do p\u00fablico. \u00c9 tamb\u00e9m o per\u00edodo mais disputado, exigindo reservas com larga anteced\u00eancia.<\/p>\n<p><strong>Chove muito em Trancoso?<\/strong><br \/>\nAs chuvas s\u00e3o mais frequentes no fim da primavera e no ver\u00e3o, mas costumam vir em pancadas r\u00e1pidas que passam e devolvem o c\u00e9u ao azul. Raramente comprometem um dia inteiro.<\/p>\n<hr \/>\n<h2>Leia tamb\u00e9m<\/h2>\n<ul>\n<li><strong>Como chegar a Trancoso: aeroportos, voos e o Aeroporto Terravista<\/strong><\/li>\n<li><strong>Guia de Trancoso: o que conhecer no balne\u00e1rio mais charmoso do Brasil<\/strong><\/li>\n<li><strong>Onde fica a Praia de Ta\u00edpe e por que ela \u00e9 uma das mais exclusivas de Trancoso<\/strong><\/li>\n<\/ul>\n<hr \/>\n<p><em>Imagens e perspectivas eventualmente associadas a este conte\u00fado t\u00eam car\u00e1ter meramente ilustrativo (Lei 4591\/64, bem a ser constru\u00eddo). Mobili\u00e1rio, acabamentos e paisagismo das \u00e1reas comuns s\u00e3o refer\u00eancia e podem sofrer altera\u00e7\u00f5es. Dados de incorpora\u00e7\u00e3o e licen\u00e7a seguem os registros vigentes no cart\u00f3rio de Porto Seguro-BA.<\/em><\/p>","protected":false},"excerpt":{"rendered":"<p>H\u00e1 um instante, em Trancoso, em que o dia parece desacelerar por conta pr\u00f3pria. O sol baixa sobre as fal\u00e9sias, a luz se faz dourada e morna, e o vento que\u2026<\/p>","protected":false},"author":4,"featured_media":424,"comment_status":"open","ping_status":"open","sticky":false,"template":"","format":"standard","meta":{"_yoast_wpseo_focuskw":"melhor \u00e9poca para ir a trancoso","_yoast_wpseo_metadesc":"H\u00e1 um instante, em Trancoso, em que o dia parece desacelerar por conta pr\u00f3pria. O sol baixa sobre as fal\u00e9sias, a luz se faz dourada e morna, e o vento que\u2026","footnotes":""},"categories":[9],"tags":[18,12,11],"class_list":["post-220","post","type-post","status-publish","format-standard","has-post-thumbnail","hentry","category-trancoso-e-regiao","tag-melhor-epoca-para-ir-a-trancoso","tag-taipe","tag-trancoso"],"yoast_head":"<!-- This site is optimized with the Yoast SEO plugin v26.8 - https:\/\/yoast.com\/product\/yoast-seo-wordpress\/ -->\n<title>Melhor \u00e9poca para ir a Trancoso: o clima, o tempo e o ritmo das esta\u00e7\u00f5es no extremo sul da Bahia - Ta\u00edpe<\/title>\n<meta name=\"description\" content=\"H\u00e1 um instante, em Trancoso, em que o dia parece desacelerar por conta pr\u00f3pria. O sol baixa sobre as fal\u00e9sias, a luz se faz dourada e morna, e o vento que\u2026\" \/>\n<meta name=\"robots\" content=\"index, follow, max-snippet:-1, max-image-preview:large, max-video-preview:-1\" \/>\n<link rel=\"canonical\" href=\"https:\/\/www.trancosotaipe.com\/en\/melhor-epoca-para-visitar-trancoso\/\" \/>\n<meta property=\"og:locale\" content=\"en_US\" \/>\n<meta property=\"og:type\" content=\"article\" \/>\n<meta property=\"og:title\" content=\"Melhor \u00e9poca para ir a Trancoso: o clima, o tempo e o ritmo das esta\u00e7\u00f5es no extremo sul da Bahia - Ta\u00edpe\" \/>\n<meta property=\"og:description\" content=\"H\u00e1 um instante, em Trancoso, em que o dia parece desacelerar por conta pr\u00f3pria. O sol baixa sobre as fal\u00e9sias, a luz se faz dourada e morna, e o vento que\u2026\" \/>\n<meta property=\"og:url\" content=\"https:\/\/www.trancosotaipe.com\/en\/melhor-epoca-para-visitar-trancoso\/\" \/>\n<meta property=\"og:site_name\" content=\"Ta\u00edpe\" \/>\n<meta property=\"article:publisher\" content=\"https:\/\/www.instagram.com\/taipetrancoso\/\" \/>\n<meta property=\"article:published_time\" content=\"2026-06-08T12:00:00+00:00\" \/>\n<meta property=\"article:modified_time\" content=\"2026-08-25T14:00:41+00:00\" \/>\n<meta property=\"og:image\" content=\"https:\/\/www.trancosotaipe.com\/cms\/wp-content\/uploads\/2026\/06\/hero-07-2.webp\" \/>\n\t<meta property=\"og:image:width\" content=\"1600\" \/>\n\t<meta property=\"og:image:height\" content=\"900\" \/>\n\t<meta property=\"og:image:type\" content=\"image\/webp\" \/>\n<meta name=\"author\" content=\"Ta\u00edpe\" \/>\n<meta name=\"twitter:card\" content=\"summary_large_image\" \/>\n<meta name=\"twitter:label1\" content=\"Written by\" \/>\n\t<meta name=\"twitter:data1\" content=\"Ta\u00edpe\" \/>\n\t<meta name=\"twitter:label2\" content=\"Est. reading time\" \/>\n\t<meta name=\"twitter:data2\" content=\"8 minutes\" \/>\n<script type=\"application\/ld+json\" class=\"yoast-schema-graph\">{\"@context\":\"https:\/\/schema.org\",\"@graph\":[{\"@type\":\"Article\",\"@id\":\"https:\/\/www.trancosotaipe.com\/melhor-epoca-para-visitar-trancoso\/#article\",\"isPartOf\":{\"@id\":\"https:\/\/www.trancosotaipe.com\/melhor-epoca-para-visitar-trancoso\/\"},\"author\":{\"name\":\"Ta\u00edpe\",\"@id\":\"https:\/\/www.trancosotaipe.com\/#\/schema\/person\/c0c2900bf8502790ebf104dbf5ca0cae\"},\"headline\":\"Melhor \u00e9poca para ir a Trancoso: o clima, o tempo e o ritmo das esta\u00e7\u00f5es no extremo sul da Bahia\",\"datePublished\":\"2026-06-08T12:00:00+00:00\",\"dateModified\":\"2026-08-25T14:00:41+00:00\",\"mainEntityOfPage\":{\"@id\":\"https:\/\/www.trancosotaipe.com\/melhor-epoca-para-visitar-trancoso\/\"},\"wordCount\":1708,\"commentCount\":0,\"publisher\":{\"@id\":\"https:\/\/www.trancosotaipe.com\/#organization\"},\"image\":{\"@id\":\"https:\/\/www.trancosotaipe.com\/melhor-epoca-para-visitar-trancoso\/#primaryimage\"},\"thumbnailUrl\":\"https:\/\/www.trancosotaipe.com\/cms\/wp-content\/uploads\/2026\/06\/hero-07-2.webp\",\"keywords\":[\"melhor \u00e9poca para ir a trancoso\",\"Ta\u00edpe\",\"Trancoso\"],\"articleSection\":[\"Trancoso e Regi\u00e3o\"],\"inLanguage\":\"en-US\",\"potentialAction\":[{\"@type\":\"CommentAction\",\"name\":\"Comment\",\"target\":[\"https:\/\/www.trancosotaipe.com\/melhor-epoca-para-visitar-trancoso\/#respond\"]}]},{\"@type\":\"WebPage\",\"@id\":\"https:\/\/www.trancosotaipe.com\/melhor-epoca-para-visitar-trancoso\/\",\"url\":\"https:\/\/www.trancosotaipe.com\/melhor-epoca-para-visitar-trancoso\/\",\"name\":\"Melhor \u00e9poca para ir a Trancoso: o clima, o tempo e o ritmo das esta\u00e7\u00f5es no extremo sul da Bahia - Ta\u00edpe\",\"isPartOf\":{\"@id\":\"https:\/\/www.trancosotaipe.com\/#website\"},\"primaryImageOfPage\":{\"@id\":\"https:\/\/www.trancosotaipe.com\/melhor-epoca-para-visitar-trancoso\/#primaryimage\"},\"image\":{\"@id\":\"https:\/\/www.trancosotaipe.com\/melhor-epoca-para-visitar-trancoso\/#primaryimage\"},\"thumbnailUrl\":\"https:\/\/www.trancosotaipe.com\/cms\/wp-content\/uploads\/2026\/06\/hero-07-2.webp\",\"datePublished\":\"2026-06-08T12:00:00+00:00\",\"dateModified\":\"2026-08-25T14:00:41+00:00\",\"description\":\"H\u00e1 um instante, em Trancoso, em que o dia parece desacelerar por conta pr\u00f3pria. O sol baixa sobre as fal\u00e9sias, a luz se faz dourada e morna, e o vento que\u2026\",\"breadcrumb\":{\"@id\":\"https:\/\/www.trancosotaipe.com\/melhor-epoca-para-visitar-trancoso\/#breadcrumb\"},\"inLanguage\":\"en-US\",\"potentialAction\":[{\"@type\":\"ReadAction\",\"target\":[\"https:\/\/www.trancosotaipe.com\/melhor-epoca-para-visitar-trancoso\/\"]}]},{\"@type\":\"ImageObject\",\"inLanguage\":\"en-US\",\"@id\":\"https:\/\/www.trancosotaipe.com\/melhor-epoca-para-visitar-trancoso\/#primaryimage\",\"url\":\"https:\/\/www.trancosotaipe.com\/cms\/wp-content\/uploads\/2026\/06\/hero-07-2.webp\",\"contentUrl\":\"https:\/\/www.trancosotaipe.com\/cms\/wp-content\/uploads\/2026\/06\/hero-07-2.webp\",\"width\":1600,\"height\":900,\"caption\":\"P\u00f4r do sol dourado sobre as fal\u00e9sias de Ta\u00edpe, em Trancoso, Bahia\"},{\"@type\":\"BreadcrumbList\",\"@id\":\"https:\/\/www.trancosotaipe.com\/melhor-epoca-para-visitar-trancoso\/#breadcrumb\",\"itemListElement\":[{\"@type\":\"ListItem\",\"position\":1,\"name\":\"In\u00edcio\",\"item\":\"https:\/\/www.trancosotaipe.com\/\"},{\"@type\":\"ListItem\",\"position\":2,\"name\":\"Melhor \u00e9poca para ir a Trancoso: o clima, o tempo e o ritmo das esta\u00e7\u00f5es no extremo sul da Bahia\"}]},{\"@type\":\"WebSite\",\"@id\":\"https:\/\/www.trancosotaipe.com\/#website\",\"url\":\"https:\/\/www.trancosotaipe.com\/\",\"name\":\"Ta\u00edpe Trancoso\",\"description\":\"Portal oficial do empreendimento Ta\u00edpe Trancoso, oferecendo informa\u00e7\u00f5es sobre vilas residenciais de alto padr\u00e3o na Bahia.\",\"publisher\":{\"@id\":\"https:\/\/www.trancosotaipe.com\/#organization\"},\"alternateName\":\"Ta\u00edpe\",\"potentialAction\":[{\"@type\":\"SearchAction\",\"target\":{\"@type\":\"EntryPoint\",\"urlTemplate\":\"https:\/\/www.trancosotaipe.com\/?s={search_term_string}\"},\"query-input\":{\"@type\":\"PropertyValueSpecification\",\"valueRequired\":true,\"valueName\":\"search_term_string\"}}],\"inLanguage\":\"en-US\"},{\"@type\":\"Organization\",\"@id\":\"https:\/\/www.trancosotaipe.com\/#organization\",\"name\":\"Ta\u00edpe Trancoso\",\"alternateName\":\"Ta\u00edpe\",\"url\":\"https:\/\/www.trancosotaipe.com\/\",\"logo\":{\"@type\":\"ImageObject\",\"inLanguage\":\"en-US\",\"@id\":\"https:\/\/www.trancosotaipe.com\/#\/schema\/logo\/image\/\",\"url\":\"https:\/\/www.trancosotaipe.com\/cms\/wp-content\/uploads\/2026\/01\/taipe-trancoso-bahia.webp\",\"contentUrl\":\"https:\/\/www.trancosotaipe.com\/cms\/wp-content\/uploads\/2026\/01\/taipe-trancoso-bahia.webp\",\"width\":1200,\"height\":675,\"caption\":\"Ta\u00edpe Trancoso\"},\"image\":{\"@id\":\"https:\/\/www.trancosotaipe.com\/#\/schema\/logo\/image\/\"},\"sameAs\":[\"https:\/\/www.instagram.com\/taipetrancoso\/\"]},{\"@type\":\"Person\",\"@id\":\"https:\/\/www.trancosotaipe.com\/#\/schema\/person\/c0c2900bf8502790ebf104dbf5ca0cae\",\"name\":\"Ta\u00edpe\",\"image\":{\"@type\":\"ImageObject\",\"inLanguage\":\"en-US\",\"@id\":\"https:\/\/www.trancosotaipe.com\/#\/schema\/person\/image\/\",\"url\":\"https:\/\/secure.gravatar.com\/avatar\/28f5e082e790ad6550398397824df12dbb20fb60934bbd397c8dc1425ba4c9f6?s=96&d=mm&r=g\",\"contentUrl\":\"https:\/\/secure.gravatar.com\/avatar\/28f5e082e790ad6550398397824df12dbb20fb60934bbd397c8dc1425ba4c9f6?s=96&d=mm&r=g\",\"caption\":\"Ta\u00edpe\"},\"description\":\"Conte\u00fado produzido pela equipe editorial de Ta\u00edpe, empreendimento residencial de alto padr\u00e3o do Grupo Enseada Realty na Praia de Ta\u00edpe, em Trancoso, Bahia. Textos sobre a regi\u00e3o, sua geografia, cultura e modo de vida, com informa\u00e7\u00f5es verificadas em fontes oficiais.\",\"sameAs\":[\"https:\/\/www.trancosotaipe.com\/\"],\"url\":\"https:\/\/www.trancosotaipe.com\/en\/author\/seo-nucleo\/\"}]}<\/script>\n<!-- \/ Yoast SEO plugin. -->","yoast_head_json":{"title":"Melhor \u00e9poca para ir a Trancoso: o clima, o tempo e o ritmo das esta\u00e7\u00f5es no extremo sul da Bahia - Ta\u00edpe","description":"H\u00e1 um instante, em Trancoso, em que o dia parece desacelerar por conta pr\u00f3pria. O sol baixa sobre as fal\u00e9sias, a luz se faz dourada e morna, e o vento que\u2026","robots":{"index":"index","follow":"follow","max-snippet":"max-snippet:-1","max-image-preview":"max-image-preview:large","max-video-preview":"max-video-preview:-1"},"canonical":"https:\/\/www.trancosotaipe.com\/en\/melhor-epoca-para-visitar-trancoso\/","og_locale":"en_US","og_type":"article","og_title":"Melhor \u00e9poca para ir a Trancoso: o clima, o tempo e o ritmo das esta\u00e7\u00f5es no extremo sul da Bahia - Ta\u00edpe","og_description":"H\u00e1 um instante, em Trancoso, em que o dia parece desacelerar por conta pr\u00f3pria. O sol baixa sobre as fal\u00e9sias, a luz se faz dourada e morna, e o vento que\u2026","og_url":"https:\/\/www.trancosotaipe.com\/en\/melhor-epoca-para-visitar-trancoso\/","og_site_name":"Ta\u00edpe","article_publisher":"https:\/\/www.instagram.com\/taipetrancoso\/","article_published_time":"2026-06-08T12:00:00+00:00","article_modified_time":"2026-08-25T14:00:41+00:00","og_image":[{"width":1600,"height":900,"url":"https:\/\/www.trancosotaipe.com\/cms\/wp-content\/uploads\/2026\/06\/hero-07-2.webp","type":"image\/webp"}],"author":"Ta\u00edpe","twitter_card":"summary_large_image","twitter_misc":{"Written by":"Ta\u00edpe","Est. reading time":"8 minutes"},"schema":{"@context":"https:\/\/schema.org","@graph":[{"@type":"Article","@id":"https:\/\/www.trancosotaipe.com\/melhor-epoca-para-visitar-trancoso\/#article","isPartOf":{"@id":"https:\/\/www.trancosotaipe.com\/melhor-epoca-para-visitar-trancoso\/"},"author":{"name":"Ta\u00edpe","@id":"https:\/\/www.trancosotaipe.com\/#\/schema\/person\/c0c2900bf8502790ebf104dbf5ca0cae"},"headline":"Melhor \u00e9poca para ir a Trancoso: o clima, o tempo e o ritmo das esta\u00e7\u00f5es no extremo sul da Bahia","datePublished":"2026-06-08T12:00:00+00:00","dateModified":"2026-08-25T14:00:41+00:00","mainEntityOfPage":{"@id":"https:\/\/www.trancosotaipe.com\/melhor-epoca-para-visitar-trancoso\/"},"wordCount":1708,"commentCount":0,"publisher":{"@id":"https:\/\/www.trancosotaipe.com\/#organization"},"image":{"@id":"https:\/\/www.trancosotaipe.com\/melhor-epoca-para-visitar-trancoso\/#primaryimage"},"thumbnailUrl":"https:\/\/www.trancosotaipe.com\/cms\/wp-content\/uploads\/2026\/06\/hero-07-2.webp","keywords":["melhor \u00e9poca para ir a trancoso","Ta\u00edpe","Trancoso"],"articleSection":["Trancoso e Regi\u00e3o"],"inLanguage":"en-US","potentialAction":[{"@type":"CommentAction","name":"Comment","target":["https:\/\/www.trancosotaipe.com\/melhor-epoca-para-visitar-trancoso\/#respond"]}]},{"@type":"WebPage","@id":"https:\/\/www.trancosotaipe.com\/melhor-epoca-para-visitar-trancoso\/","url":"https:\/\/www.trancosotaipe.com\/melhor-epoca-para-visitar-trancoso\/","name":"Melhor \u00e9poca para ir a Trancoso: o clima, o tempo e o ritmo das esta\u00e7\u00f5es no extremo sul da Bahia - Ta\u00edpe","isPartOf":{"@id":"https:\/\/www.trancosotaipe.com\/#website"},"primaryImageOfPage":{"@id":"https:\/\/www.trancosotaipe.com\/melhor-epoca-para-visitar-trancoso\/#primaryimage"},"image":{"@id":"https:\/\/www.trancosotaipe.com\/melhor-epoca-para-visitar-trancoso\/#primaryimage"},"thumbnailUrl":"https:\/\/www.trancosotaipe.com\/cms\/wp-content\/uploads\/2026\/06\/hero-07-2.webp","datePublished":"2026-06-08T12:00:00+00:00","dateModified":"2026-08-25T14:00:41+00:00","description":"H\u00e1 um instante, em Trancoso, em que o dia parece desacelerar por conta pr\u00f3pria. O sol baixa sobre as fal\u00e9sias, a luz se faz dourada e morna, e o vento que\u2026","breadcrumb":{"@id":"https:\/\/www.trancosotaipe.com\/melhor-epoca-para-visitar-trancoso\/#breadcrumb"},"inLanguage":"en-US","potentialAction":[{"@type":"ReadAction","target":["https:\/\/www.trancosotaipe.com\/melhor-epoca-para-visitar-trancoso\/"]}]},{"@type":"ImageObject","inLanguage":"en-US","@id":"https:\/\/www.trancosotaipe.com\/melhor-epoca-para-visitar-trancoso\/#primaryimage","url":"https:\/\/www.trancosotaipe.com\/cms\/wp-content\/uploads\/2026\/06\/hero-07-2.webp","contentUrl":"https:\/\/www.trancosotaipe.com\/cms\/wp-content\/uploads\/2026\/06\/hero-07-2.webp","width":1600,"height":900,"caption":"P\u00f4r do sol dourado sobre as fal\u00e9sias de Ta\u00edpe, em Trancoso, Bahia"},{"@type":"BreadcrumbList","@id":"https:\/\/www.trancosotaipe.com\/melhor-epoca-para-visitar-trancoso\/#breadcrumb","itemListElement":[{"@type":"ListItem","position":1,"name":"In\u00edcio","item":"https:\/\/www.trancosotaipe.com\/"},{"@type":"ListItem","position":2,"name":"Melhor \u00e9poca para ir a Trancoso: o clima, o tempo e o ritmo das esta\u00e7\u00f5es no extremo sul da Bahia"}]},{"@type":"WebSite","@id":"https:\/\/www.trancosotaipe.com\/#website","url":"https:\/\/www.trancosotaipe.com\/","name":"Ta\u00edpe Trancoso","description":"Portal oficial do empreendimento Ta\u00edpe Trancoso, oferecendo informa\u00e7\u00f5es sobre vilas residenciais de alto padr\u00e3o na Bahia.","publisher":{"@id":"https:\/\/www.trancosotaipe.com\/#organization"},"alternateName":"Ta\u00edpe","potentialAction":[{"@type":"SearchAction","target":{"@type":"EntryPoint","urlTemplate":"https:\/\/www.trancosotaipe.com\/?s={search_term_string}"},"query-input":{"@type":"PropertyValueSpecification","valueRequired":true,"valueName":"search_term_string"}}],"inLanguage":"en-US"},{"@type":"Organization","@id":"https:\/\/www.trancosotaipe.com\/#organization","name":"Ta\u00edpe Trancoso","alternateName":"Ta\u00edpe","url":"https:\/\/www.trancosotaipe.com\/","logo":{"@type":"ImageObject","inLanguage":"en-US","@id":"https:\/\/www.trancosotaipe.com\/#\/schema\/logo\/image\/","url":"https:\/\/www.trancosotaipe.com\/cms\/wp-content\/uploads\/2026\/01\/taipe-trancoso-bahia.webp","contentUrl":"https:\/\/www.trancosotaipe.com\/cms\/wp-content\/uploads\/2026\/01\/taipe-trancoso-bahia.webp","width":1200,"height":675,"caption":"Ta\u00edpe Trancoso"},"image":{"@id":"https:\/\/www.trancosotaipe.com\/#\/schema\/logo\/image\/"},"sameAs":["https:\/\/www.instagram.com\/taipetrancoso\/"]},{"@type":"Person","@id":"https:\/\/www.trancosotaipe.com\/#\/schema\/person\/c0c2900bf8502790ebf104dbf5ca0cae","name":"Ta\u00edpe","image":{"@type":"ImageObject","inLanguage":"en-US","@id":"https:\/\/www.trancosotaipe.com\/#\/schema\/person\/image\/","url":"https:\/\/secure.gravatar.com\/avatar\/28f5e082e790ad6550398397824df12dbb20fb60934bbd397c8dc1425ba4c9f6?s=96&d=mm&r=g","contentUrl":"https:\/\/secure.gravatar.com\/avatar\/28f5e082e790ad6550398397824df12dbb20fb60934bbd397c8dc1425ba4c9f6?s=96&d=mm&r=g","caption":"Ta\u00edpe"},"description":"Conte\u00fado produzido pela equipe editorial de Ta\u00edpe, empreendimento residencial de alto padr\u00e3o do Grupo Enseada Realty na Praia de Ta\u00edpe, em Trancoso, Bahia. Textos sobre a regi\u00e3o, sua geografia, cultura e modo de vida, com informa\u00e7\u00f5es verificadas em fontes oficiais.","sameAs":["https:\/\/www.trancosotaipe.com\/"],"url":"https:\/\/www.trancosotaipe.com\/en\/author\/seo-nucleo\/"}]}},"_links":{"self":[{"href":"https:\/\/www.trancosotaipe.com\/en\/wp-json\/wp\/v2\/posts\/220","targetHints":{"allow":["GET"]}}],"collection":[{"href":"https:\/\/www.trancosotaipe.com\/en\/wp-json\/wp\/v2\/posts"}],"about":[{"href":"https:\/\/www.trancosotaipe.com\/en\/wp-json\/wp\/v2\/types\/post"}],"author":[{"embeddable":true,"href":"https:\/\/www.trancosotaipe.com\/en\/wp-json\/wp\/v2\/users\/4"}],"replies":[{"embeddable":true,"href":"https:\/\/www.trancosotaipe.com\/en\/wp-json\/wp\/v2\/comments?post=220"}],"version-history":[{"count":3,"href":"https:\/\/www.trancosotaipe.com\/en\/wp-json\/wp\/v2\/posts\/220\/revisions"}],"predecessor-version":[{"id":540,"href":"https:\/\/www.trancosotaipe.com\/en\/wp-json\/wp\/v2\/posts\/220\/revisions\/540"}],"wp:featuredmedia":[{"embeddable":true,"href":"https:\/\/www.trancosotaipe.com\/en\/wp-json\/wp\/v2\/media\/424"}],"wp:attachment":[{"href":"https:\/\/www.trancosotaipe.com\/en\/wp-json\/wp\/v2\/media?parent=220"}],"wp:term":[{"taxonomy":"category","embeddable":true,"href":"https:\/\/www.trancosotaipe.com\/en\/wp-json\/wp\/v2\/categories?post=220"},{"taxonomy":"post_tag","embeddable":true,"href":"https:\/\/www.trancosotaipe.com\/en\/wp-json\/wp\/v2\/tags?post=220"}],"curies":[{"name":"wp","href":"https:\/\/api.w.org\/{rel}","templated":true}]}}