{"id":222,"date":"2026-07-20T09:00:00","date_gmt":"2026-07-20T12:00:00","guid":{"rendered":"https:\/\/www.trancosotaipe.com\/?p=222"},"modified":"2026-08-25T11:00:45","modified_gmt":"2026-08-25T14:00:45","slug":"mata-atlantica-em-trancoso","status":"publish","type":"post","link":"https:\/\/www.trancosotaipe.com\/en\/mata-atlantica-em-trancoso\/","title":{"rendered":"Mata Atl\u00e2ntica em Trancoso: o sil\u00eancio verde que ainda resiste sobre as fal\u00e9sias"},"content":{"rendered":"<p>H\u00e1 um som espec\u00edfico em Trancoso que poucos lugares no mundo ainda guardam: o das ondas que chegam \u00e0s copas das \u00e1rvores, o farfalhar de uma floresta densa que desce do alto das fal\u00e9sias at\u00e9 quase tocar o mar. \u00c9 o som da Mata Atl\u00e2ntica em Trancoso, um dos biomas mais antigos e mais amea\u00e7ados do planeta, e tamb\u00e9m um dos mais generosos com quem aprende a escut\u00e1-lo.<\/p>\n<p>A Praia de Ta\u00edpe, no eixo entre Trancoso e Arraial d&#8217;Ajuda, est\u00e1 em um terreno de mais de <strong>3 milh\u00f5es de m\u00b2<\/strong>, na Costa do Descobrimento, uma das \u00faltimas regi\u00f5es com remanescentes de Mata Atl\u00e2ntica intacta do pa\u00eds. N\u00e3o \u00e9 um detalhe de paisagem. \u00c9 o pr\u00f3prio fundamento de tudo o que existe ali: a sombra, a brisa, a \u00e1gua doce dos rios, a fauna que ainda canta ao amanhecer. Preservar esse verde n\u00e3o \u00e9 um gesto decorativo, \u00e9 reconhecer que ele \u00e9 o maior patrim\u00f4nio da Costa do Descobrimento.<\/p>\n<p>Neste artigo, contamos por que a Mata Atl\u00e2ntica importa tanto, o que a amea\u00e7a, como ela pode (e deve) ser protegida, e de que maneira um projeto de alto padr\u00e3o pode existir em di\u00e1logo com ela, e n\u00e3o contra ela.<\/p>\n<h2>Por que a Mata Atl\u00e2ntica \u00e9 um dos biomas mais preciosos do mundo<\/h2>\n<p>Quando os primeiros navegadores chegaram \u00e0 Costa do Descobrimento, foi a Mata Atl\u00e2ntica que encontraram, densa, cont\u00ednua, descendo at\u00e9 a faixa de areia. Esse bioma cobria boa parte do litoral brasileiro e se estendia para o interior. Hoje, restam fragmentos. E \u00e9 justamente essa raridade que torna cada trecho preservado um tesouro.<\/p>\n<p>A Mata Atl\u00e2ntica \u00e9 reconhecida por uma biodiversidade extraordin\u00e1ria: abriga uma das maiores concentra\u00e7\u00f5es de esp\u00e9cies de fauna e flora do planeta, muitas delas end\u00eamicas, ou seja, que n\u00e3o existem em nenhum outro lugar. Ela regula o clima local, mant\u00e9m a umidade, protege nascentes e cursos d&#8217;\u00e1gua, e segura o solo nas encostas e fal\u00e9sias. Em uma regi\u00e3o de relevo acidentado como o de Ta\u00edpe, onde as fal\u00e9sias monumentais se erguem diante do mar, essa fun\u00e7\u00e3o de prote\u00e7\u00e3o do solo deixa de ser conceito e passa a ser sustenta\u00e7\u00e3o literal da paisagem.<\/p>\n<h3>Floresta, fal\u00e9sia e mar: um \u00fanico organismo<\/h3>\n<p>Em Trancoso, a Mata Atl\u00e2ntica n\u00e3o \u00e9 um cen\u00e1rio isolado. Ela conversa com as fal\u00e9sias e com os rios, o Buranh\u00e9m, o Rio da Barra e o Rio Ta\u00edpe, formando um ecossistema integrado em que cada elemento depende do outro. A vegeta\u00e7\u00e3o nativa sombreia, refresca e filtra. As ra\u00edzes firmam as encostas. Os rios levam a \u00e1gua doce ao encontro do mar. \u00c9 um equil\u00edbrio sutil, constru\u00eddo ao longo de mil\u00eanios, e que se desfaz com facilidade quando rompido.<\/p>\n<h2>O que amea\u00e7a os \u00faltimos ref\u00fagios intactos<\/h2>\n<p>A maior amea\u00e7a \u00e0 Mata Atl\u00e2ntica nunca foi a presen\u00e7a humana em si, mas a maneira como nos relacionamos com ela. A supress\u00e3o da vegeta\u00e7\u00e3o nativa, a ocupa\u00e7\u00e3o desordenada do litoral, a abertura de acessos sem crit\u00e9rio e a impermeabiliza\u00e7\u00e3o do solo s\u00e3o fatores que, somados, fragmentam a floresta e isolam a fauna.<\/p>\n<p>Quando um fragmento de mata fica cercado e desconectado de outros, ele perde resili\u00eancia. Esp\u00e9cies que precisam circular ficam confinadas. Nascentes secam. A pr\u00f3pria estabilidade das fal\u00e9sias, esculpidas pela a\u00e7\u00e3o lenta da \u00e1gua e do vento, depende de uma cobertura vegetal saud\u00e1vel que controle a eros\u00e3o. Por isso, em territ\u00f3rios como o de Trancoso, a preserva\u00e7\u00e3o n\u00e3o \u00e9 uma escolha entre desenvolvimento e natureza. \u00c9 a condi\u00e7\u00e3o para que a paisagem continue existindo, tal como a conhecemos.<\/p>\n<h3>A escassez como valor, e como responsabilidade<\/h3>\n<p>Trancoso atravessou as \u00faltimas d\u00e9cadas como um dos destinos mais desejados do Brasil justamente por ter resistido. O Quadrado, a arquitetura nativa, as praias de \u00e1guas claras e a floresta que ainda emoldura tudo isso s\u00e3o o que distingue o lugar. Cada hectare de mata que permanece intacto \u00e9, hoje, uma raridade, e raridade imp\u00f5e responsabilidade. N\u00e3o se trata de guardar a floresta sob uma redoma, mas de habit\u00e1-la com a delicadeza de quem entende que \u00e9 h\u00f3spede, n\u00e3o dono.<\/p>\n<p><img decoding=\"async\" alt=\"Detalhe macro de folha nativa com gotas d'\u00e1gua na Mata Atl\u00e2ntica de Trancoso, sul da Bahia\" src=\"https:\/\/www.trancosotaipe.com\/cms\/wp-content\/uploads\/2026\/06\/magnific_macro-closeup-photograph-_mC3CTmThJQ.jpg\" style=\"display:block;margin:1.6rem auto;max-width:680px;width:100%;height:auto;border-radius:6px;\" \/><br \/>\n<em style=\"display:block;text-align:center;font-size:.85em;color:#666;margin:.4rem auto 1.6rem;\">Imagem ilustrativa.<\/em><\/p>\n<h2>O que significa preservar de verdade<\/h2>\n<p>Preservar a Mata Atl\u00e2ntica vai muito al\u00e9m de n\u00e3o derrubar \u00e1rvores. \u00c9 um conjunto de decis\u00f5es, algumas vis\u00edveis, muitas silenciosas, que orientam como um territ\u00f3rio \u00e9 pensado e ocupado.<\/p>\n<h3>Respeitar a \u00c1rea de Preserva\u00e7\u00e3o Permanente (APP)<\/h3>\n<p>A legisla\u00e7\u00e3o ambiental brasileira protege determinadas \u00e1reas justamente por sua fun\u00e7\u00e3o ecol\u00f3gica: margens de rios, encostas \u00edngremes, topos e trechos de vegeta\u00e7\u00e3o sens\u00edvel. S\u00e3o as \u00c1reas de Preserva\u00e7\u00e3o Permanente (APP), espa\u00e7os que, por lei, devem permanecer intocados, mantendo a vegeta\u00e7\u00e3o nativa e suas fun\u00e7\u00f5es de prote\u00e7\u00e3o de \u00e1gua, solo e biodiversidade.<\/p>\n<p>Reconhecer a APP \u00e9 o primeiro gesto de respeito ao territ\u00f3rio. Significa desenhar qualquer ocupa\u00e7\u00e3o <strong>a partir<\/strong> dos limites da natureza, e n\u00e3o apesar deles. No Condom\u00ednio Ta\u00edpe, a primeira fase contempla uma \u00e1rea de APP de <strong>25.063,54 m\u00b2<\/strong>, um per\u00edmetro dedicado \u00e0 preserva\u00e7\u00e3o, integrado ao desenho do projeto desde a sua concep\u00e7\u00e3o.<\/p>\n<h3>Manter a floresta conectada<\/h3>\n<p>Preservar de verdade \u00e9 tamb\u00e9m manter a mata cont\u00ednua, evitando fragment\u00e1-la em ilhas isoladas. Trilhas ecol\u00f3gicas preexistentes, corredores de vegeta\u00e7\u00e3o e o cuidado em adaptar a ocupa\u00e7\u00e3o ao relevo natural, em vez de aplain\u00e1-lo, s\u00e3o formas de garantir que a floresta siga viva, e n\u00e3o apenas decorativa.<\/p>\n<h3>Tratar a sustentabilidade como valor, n\u00e3o como selo<\/h3>\n<p>H\u00e1 uma diferen\u00e7a entre usar a sustentabilidade como argumento de venda e adot\u00e1-la como princ\u00edpio. O segundo caminho aparece nas escolhas concretas: redes de infraestrutura subterr\u00e2neas para preservar a paisagem, sistema vi\u00e1rio que respeita a topografia, solu\u00e7\u00f5es construtivas que dialogam com o clima e a vegeta\u00e7\u00e3o local. Quando a natureza preservada \u00e9 o ponto de partida, e n\u00e3o um detalhe a ser compensado depois, a sustentabilidade deixa de ser discurso e passa a ser m\u00e9todo.<\/p>\n<p><img decoding=\"async\" alt=\"Luz do fim de tarde sobre a vegeta\u00e7\u00e3o nativa e o mar na Praia de Ta\u00edpe, Trancoso, Bahia\" src=\"https:\/\/www.trancosotaipe.com\/cms\/wp-content\/uploads\/2026\/06\/magnific_editorial-photograph-insp_kLDLaXw16B.jpg\" style=\"display:block;margin:1.6rem auto;max-width:680px;width:100%;height:auto;border-radius:6px;\" \/><br \/>\n<em style=\"display:block;text-align:center;font-size:.85em;color:#666;margin:.4rem auto 1.6rem;\">Imagem ilustrativa.<\/em><\/p>\n<h2>Ta\u00edpe e a Mata Atl\u00e2ntica: integra\u00e7\u00e3o em vez de imposi\u00e7\u00e3o<\/h2>\n<p>O conceito de Ta\u00edpe nasce dessa premissa. Posicionado no alto de fal\u00e9sias monumentais, em um terreno de mais de 3 milh\u00f5es de m\u00b2, em meio \u00e0 Mata Atl\u00e2ntica nativa, o empreendimento foi pensado para se inserir na floresta, n\u00e3o para substitu\u00ed-la.<\/p>\n<p>O Master Plan, assinado por Caio Bandeira e Tiago Martins, do escrit\u00f3rio Architects+Co, parte de linhas org\u00e2nicas e solu\u00e7\u00f5es que acompanham o terreno em vez de o contrariarem. O paisagismo de Alex Hanazaki se inspira nas fal\u00e9sias, no horizonte do mar e na vegeta\u00e7\u00e3o nativa, tratando o verde existente como protagonista, n\u00e3o como pano de fundo. E a arquitetura das \u00e1reas comuns, a cargo de David Bastos (DB Arquitetos), busca o equil\u00edbrio entre conforto contempor\u00e2neo e o respeito ao car\u00e1ter de Trancoso.<\/p>\n<p>As trilhas ecol\u00f3gicas preexistentes foram preservadas. As redes de \u00e1gua, esgoto, energia, dados e g\u00e1s correm sob o solo, mantendo a paisagem limpa de fios e postes. O acesso \u00e0 praia \u00e9 resolvido por The Lift, dois elevadores integrados ao relevo das fal\u00e9sias, uma solu\u00e7\u00e3o que evita rasgar a encosta com longos caminhos. Cada decis\u00e3o t\u00e9cnica responde \u00e0 mesma pergunta: como estar ali sem perturbar o que torna o lugar especial?<\/p>\n<p>Viver em Ta\u00edpe, nesse sentido, \u00e9 viver dentro da Mata Atl\u00e2ntica, com a floresta como vizinha, sombra, som e companhia di\u00e1ria. \u00c9 acordar com o canto dos p\u00e1ssaros nativos, sentir a brisa filtrada pelas copas e contemplar, do alto das fal\u00e9sias, o encontro do verde com o azul.<\/p>\n<blockquote>\n<p><em>Imagens, ilustra\u00e7\u00f5es e perspectivas t\u00eam car\u00e1ter meramente ilustrativo (Lei 4591\/64, bem a ser constru\u00eddo). Mobili\u00e1rio, acabamentos e paisagismo das \u00e1reas comuns s\u00e3o refer\u00eancia e podem sofrer altera\u00e7\u00f5es. Os dados de incorpora\u00e7\u00e3o seguem os registros vigentes no cart\u00f3rio de Porto Seguro-BA.<\/em><\/p>\n<\/blockquote>\n<h2>Contemplar o que resiste<\/h2>\n<p>A Mata Atl\u00e2ntica de Trancoso \u00e9 uma heran\u00e7a que atravessou s\u00e9culos. Ela n\u00e3o pede muito de n\u00f3s, apenas que reconhe\u00e7amos seu valor e a tratemos com a rever\u00eancia que merece. Preservar os \u00faltimos ref\u00fagios intactos da regi\u00e3o \u00e9, no fundo, um ato de escuta: deixar que a floresta continue dizendo, em seu sil\u00eancio verde, o que nenhuma constru\u00e7\u00e3o poderia dizer por ela.<\/p>\n<p>Em Ta\u00edpe, essa escuta \u00e9 o ponto de partida. Para conhecer de perto como o projeto dialoga com a Mata Atl\u00e2ntica preservada da Praia de Ta\u00edpe, convidamos voc\u00ea a visitar <a href=\"https:\/\/www.trancosotaipe.com\/en\/\">trancosotaipe.com<\/a> e a se permitir, com calma, imaginar a vida sob as copas.<\/p>\n<hr \/>\n<h2>Perguntas frequentes<\/h2>\n<p><strong>O que \u00e9 a Mata Atl\u00e2ntica e por que ela \u00e9 t\u00e3o importante em Trancoso?<\/strong><br \/>\nA Mata Atl\u00e2ntica \u00e9 um dos biomas mais antigos e biodiversos do planeta, hoje reduzido a fragmentos ao longo do litoral brasileiro. Em Trancoso, ela cobre as fal\u00e9sias e se conecta aos rios e ao mar, regulando o clima local, protegendo nascentes e sustentando o solo das encostas. Sua preserva\u00e7\u00e3o \u00e9 o que mant\u00e9m a paisagem da Costa do Descobrimento como a conhecemos.<\/p>\n<p><strong>Como a Mata Atl\u00e2ntica aparece na regi\u00e3o da Praia de Ta\u00edpe?<\/strong><br \/>\nA Praia de Ta\u00edpe fica no eixo entre Trancoso e Arraial d&#8217;Ajuda, na Costa do Descobrimento, uma das \u00faltimas regi\u00f5es com remanescentes de Mata Atl\u00e2ntica intacta do pa\u00eds. O terreno em que Ta\u00edpe se insere tem mais de 3 milh\u00f5es de m\u00b2.<\/p>\n<p><strong>O que \u00e9 uma \u00c1rea de Preserva\u00e7\u00e3o Permanente (APP)?<\/strong><br \/>\nA APP \u00e9 uma \u00e1rea protegida por lei em raz\u00e3o de sua fun\u00e7\u00e3o ecol\u00f3gica, como margens de rios, encostas e trechos de vegeta\u00e7\u00e3o sens\u00edvel, que deve permanecer com sua vegeta\u00e7\u00e3o nativa preservada. No Condom\u00ednio Ta\u00edpe, a primeira fase contempla 25.063,54 m\u00b2 de APP, integrados ao desenho do projeto desde a concep\u00e7\u00e3o.<\/p>\n<p><strong>Como um empreendimento de alto padr\u00e3o pode preservar a Mata Atl\u00e2ntica?<\/strong><br \/>\nPor meio de decis\u00f5es que partem dos limites da natureza: respeito \u00e0 APP, manuten\u00e7\u00e3o da floresta conectada, preserva\u00e7\u00e3o de trilhas ecol\u00f3gicas preexistentes, infraestrutura subterr\u00e2nea, sistema vi\u00e1rio adaptado ao relevo e solu\u00e7\u00f5es construtivas alinhadas ao clima e \u00e0 vegeta\u00e7\u00e3o local. Em Ta\u00edpe, a Mata Atl\u00e2ntica preservada \u00e9 o ponto de partida do projeto, e n\u00e3o um detalhe a ser compensado depois.<\/p>\n<p><strong>Quem assina o projeto de Ta\u00edpe?<\/strong><br \/>\nO Master Plan \u00e9 de Caio Bandeira e Tiago Martins (Architects+Co), o paisagismo \u00e9 de Alex Hanazaki e a arquitetura das \u00e1reas comuns \u00e9 de David Bastos (DB Arquitetos).<\/p>\n<hr \/>\n<h2>Leia tamb\u00e9m<\/h2>\n<ul>\n<li><strong>As fal\u00e9sias de Trancoso: como se formaram e por que definem a paisagem de Ta\u00edpe<\/strong><\/li>\n<li><strong>O encontro do rio com o mar: o ecossistema do Rio da Barra e do Rio Ta\u00edpe<\/strong><\/li>\n<li><strong>Como um empreendimento de alto padr\u00e3o pode preservar a APP e a vegeta\u00e7\u00e3o nativa<\/strong><\/li>\n<\/ul>\n<hr \/>\n<p><em>Ta\u00edpe \u00e9 um empreendimento do Grupo Enseada Realty na Praia de Ta\u00edpe, Trancoso, Bahia. Imagens, ilustra\u00e7\u00f5es e perspectivas t\u00eam car\u00e1ter meramente ilustrativo, nos termos da Lei 4591\/64 (bem a ser constru\u00eddo). Conhe\u00e7a mais em <a href=\"https:\/\/www.trancosotaipe.com\/en\/\">trancosotaipe.com<\/a>.<\/em><\/p>","protected":false},"excerpt":{"rendered":"<p>H\u00e1 um som espec\u00edfico em Trancoso que poucos lugares no mundo ainda guardam: o das ondas que chegam \u00e0s copas das \u00e1rvores, o farfalhar de uma floresta densa\u2026<\/p>","protected":false},"author":4,"featured_media":425,"comment_status":"open","ping_status":"open","sticky":false,"template":"","format":"standard","meta":{"_yoast_wpseo_focuskw":"mata atl\u00e2ntica trancoso","_yoast_wpseo_metadesc":"H\u00e1 um som espec\u00edfico em Trancoso que poucos lugares no mundo ainda guardam: o das ondas que chegam \u00e0s copas das \u00e1rvores, o farfalhar de uma floresta densa\u2026","footnotes":""},"categories":[19],"tags":[20,12,11],"class_list":["post-222","post","type-post","status-publish","format-standard","has-post-thumbnail","hentry","category-natureza-e-sustentabilidade","tag-mata-atlantica-trancoso","tag-taipe","tag-trancoso"],"yoast_head":"<!-- This site is optimized with the Yoast SEO plugin v26.8 - https:\/\/yoast.com\/product\/yoast-seo-wordpress\/ -->\n<title>Mata Atl\u00e2ntica em Trancoso: o sil\u00eancio verde que ainda resiste sobre as fal\u00e9sias - Ta\u00edpe<\/title>\n<meta name=\"description\" content=\"H\u00e1 um som espec\u00edfico em Trancoso que poucos lugares no mundo ainda guardam: o das ondas que chegam \u00e0s copas das \u00e1rvores, o farfalhar de uma floresta densa\u2026\" \/>\n<meta name=\"robots\" content=\"index, follow, max-snippet:-1, max-image-preview:large, max-video-preview:-1\" \/>\n<link rel=\"canonical\" href=\"https:\/\/www.trancosotaipe.com\/en\/mata-atlantica-em-trancoso\/\" \/>\n<meta property=\"og:locale\" content=\"en_US\" \/>\n<meta property=\"og:type\" content=\"article\" \/>\n<meta property=\"og:title\" content=\"Mata Atl\u00e2ntica em Trancoso: o sil\u00eancio verde que ainda resiste sobre as fal\u00e9sias - Ta\u00edpe\" \/>\n<meta property=\"og:description\" content=\"H\u00e1 um som espec\u00edfico em Trancoso que poucos lugares no mundo ainda guardam: o das ondas que chegam \u00e0s copas das \u00e1rvores, o farfalhar de uma floresta densa\u2026\" \/>\n<meta property=\"og:url\" content=\"https:\/\/www.trancosotaipe.com\/en\/mata-atlantica-em-trancoso\/\" \/>\n<meta property=\"og:site_name\" content=\"Ta\u00edpe\" \/>\n<meta property=\"article:publisher\" content=\"https:\/\/www.instagram.com\/taipetrancoso\/\" \/>\n<meta property=\"article:published_time\" content=\"2026-07-20T12:00:00+00:00\" \/>\n<meta property=\"article:modified_time\" content=\"2026-08-25T14:00:45+00:00\" \/>\n<meta property=\"og:image\" content=\"https:\/\/www.trancosotaipe.com\/cms\/wp-content\/uploads\/2026\/06\/hero-08-2.webp\" \/>\n\t<meta property=\"og:image:width\" content=\"1024\" \/>\n\t<meta property=\"og:image:height\" content=\"576\" \/>\n\t<meta property=\"og:image:type\" content=\"image\/webp\" \/>\n<meta name=\"author\" content=\"Ta\u00edpe\" \/>\n<meta name=\"twitter:card\" content=\"summary_large_image\" \/>\n<meta name=\"twitter:label1\" content=\"Written by\" \/>\n\t<meta name=\"twitter:data1\" content=\"Ta\u00edpe\" \/>\n\t<meta name=\"twitter:label2\" content=\"Est. reading time\" \/>\n\t<meta name=\"twitter:data2\" content=\"10 minutes\" \/>\n<script type=\"application\/ld+json\" class=\"yoast-schema-graph\">{\"@context\":\"https:\/\/schema.org\",\"@graph\":[{\"@type\":\"Article\",\"@id\":\"https:\/\/www.trancosotaipe.com\/mata-atlantica-em-trancoso\/#article\",\"isPartOf\":{\"@id\":\"https:\/\/www.trancosotaipe.com\/mata-atlantica-em-trancoso\/\"},\"author\":{\"name\":\"Ta\u00edpe\",\"@id\":\"https:\/\/www.trancosotaipe.com\/#\/schema\/person\/c0c2900bf8502790ebf104dbf5ca0cae\"},\"headline\":\"Mata Atl\u00e2ntica em Trancoso: o sil\u00eancio verde que ainda resiste sobre as fal\u00e9sias\",\"datePublished\":\"2026-07-20T12:00:00+00:00\",\"dateModified\":\"2026-08-25T14:00:45+00:00\",\"mainEntityOfPage\":{\"@id\":\"https:\/\/www.trancosotaipe.com\/mata-atlantica-em-trancoso\/\"},\"wordCount\":1932,\"commentCount\":1,\"publisher\":{\"@id\":\"https:\/\/www.trancosotaipe.com\/#organization\"},\"image\":{\"@id\":\"https:\/\/www.trancosotaipe.com\/mata-atlantica-em-trancoso\/#primaryimage\"},\"thumbnailUrl\":\"https:\/\/www.trancosotaipe.com\/cms\/wp-content\/uploads\/2026\/06\/hero-08-2.webp\",\"keywords\":[\"mata atl\u00e2ntica trancoso\",\"Ta\u00edpe\",\"Trancoso\"],\"articleSection\":[\"Natureza e Sustentabilidade\"],\"inLanguage\":\"en-US\",\"potentialAction\":[{\"@type\":\"CommentAction\",\"name\":\"Comment\",\"target\":[\"https:\/\/www.trancosotaipe.com\/mata-atlantica-em-trancoso\/#respond\"]}]},{\"@type\":\"WebPage\",\"@id\":\"https:\/\/www.trancosotaipe.com\/mata-atlantica-em-trancoso\/\",\"url\":\"https:\/\/www.trancosotaipe.com\/mata-atlantica-em-trancoso\/\",\"name\":\"Mata Atl\u00e2ntica em Trancoso: o sil\u00eancio verde que ainda resiste sobre as fal\u00e9sias - Ta\u00edpe\",\"isPartOf\":{\"@id\":\"https:\/\/www.trancosotaipe.com\/#website\"},\"primaryImageOfPage\":{\"@id\":\"https:\/\/www.trancosotaipe.com\/mata-atlantica-em-trancoso\/#primaryimage\"},\"image\":{\"@id\":\"https:\/\/www.trancosotaipe.com\/mata-atlantica-em-trancoso\/#primaryimage\"},\"thumbnailUrl\":\"https:\/\/www.trancosotaipe.com\/cms\/wp-content\/uploads\/2026\/06\/hero-08-2.webp\",\"datePublished\":\"2026-07-20T12:00:00+00:00\",\"dateModified\":\"2026-08-25T14:00:45+00:00\",\"description\":\"H\u00e1 um som espec\u00edfico em Trancoso que poucos lugares no mundo ainda guardam: o das ondas que chegam \u00e0s copas das \u00e1rvores, o farfalhar de uma floresta densa\u2026\",\"breadcrumb\":{\"@id\":\"https:\/\/www.trancosotaipe.com\/mata-atlantica-em-trancoso\/#breadcrumb\"},\"inLanguage\":\"en-US\",\"potentialAction\":[{\"@type\":\"ReadAction\",\"target\":[\"https:\/\/www.trancosotaipe.com\/mata-atlantica-em-trancoso\/\"]}]},{\"@type\":\"ImageObject\",\"inLanguage\":\"en-US\",\"@id\":\"https:\/\/www.trancosotaipe.com\/mata-atlantica-em-trancoso\/#primaryimage\",\"url\":\"https:\/\/www.trancosotaipe.com\/cms\/wp-content\/uploads\/2026\/06\/hero-08-2.webp\",\"contentUrl\":\"https:\/\/www.trancosotaipe.com\/cms\/wp-content\/uploads\/2026\/06\/hero-08-2.webp\",\"width\":1024,\"height\":576,\"caption\":\"Sol entre a vegeta\u00e7\u00e3o nativa da Mata Atl\u00e2ntica em Trancoso, Bahia\"},{\"@type\":\"BreadcrumbList\",\"@id\":\"https:\/\/www.trancosotaipe.com\/mata-atlantica-em-trancoso\/#breadcrumb\",\"itemListElement\":[{\"@type\":\"ListItem\",\"position\":1,\"name\":\"In\u00edcio\",\"item\":\"https:\/\/www.trancosotaipe.com\/\"},{\"@type\":\"ListItem\",\"position\":2,\"name\":\"Mata Atl\u00e2ntica em Trancoso: o sil\u00eancio verde que ainda resiste sobre as fal\u00e9sias\"}]},{\"@type\":\"WebSite\",\"@id\":\"https:\/\/www.trancosotaipe.com\/#website\",\"url\":\"https:\/\/www.trancosotaipe.com\/\",\"name\":\"Ta\u00edpe Trancoso\",\"description\":\"Portal oficial do empreendimento Ta\u00edpe Trancoso, oferecendo informa\u00e7\u00f5es sobre vilas residenciais de alto padr\u00e3o na Bahia.\",\"publisher\":{\"@id\":\"https:\/\/www.trancosotaipe.com\/#organization\"},\"alternateName\":\"Ta\u00edpe\",\"potentialAction\":[{\"@type\":\"SearchAction\",\"target\":{\"@type\":\"EntryPoint\",\"urlTemplate\":\"https:\/\/www.trancosotaipe.com\/?s={search_term_string}\"},\"query-input\":{\"@type\":\"PropertyValueSpecification\",\"valueRequired\":true,\"valueName\":\"search_term_string\"}}],\"inLanguage\":\"en-US\"},{\"@type\":\"Organization\",\"@id\":\"https:\/\/www.trancosotaipe.com\/#organization\",\"name\":\"Ta\u00edpe Trancoso\",\"alternateName\":\"Ta\u00edpe\",\"url\":\"https:\/\/www.trancosotaipe.com\/\",\"logo\":{\"@type\":\"ImageObject\",\"inLanguage\":\"en-US\",\"@id\":\"https:\/\/www.trancosotaipe.com\/#\/schema\/logo\/image\/\",\"url\":\"https:\/\/www.trancosotaipe.com\/cms\/wp-content\/uploads\/2026\/01\/taipe-trancoso-bahia.webp\",\"contentUrl\":\"https:\/\/www.trancosotaipe.com\/cms\/wp-content\/uploads\/2026\/01\/taipe-trancoso-bahia.webp\",\"width\":1200,\"height\":675,\"caption\":\"Ta\u00edpe Trancoso\"},\"image\":{\"@id\":\"https:\/\/www.trancosotaipe.com\/#\/schema\/logo\/image\/\"},\"sameAs\":[\"https:\/\/www.instagram.com\/taipetrancoso\/\"]},{\"@type\":\"Person\",\"@id\":\"https:\/\/www.trancosotaipe.com\/#\/schema\/person\/c0c2900bf8502790ebf104dbf5ca0cae\",\"name\":\"Ta\u00edpe\",\"image\":{\"@type\":\"ImageObject\",\"inLanguage\":\"en-US\",\"@id\":\"https:\/\/www.trancosotaipe.com\/#\/schema\/person\/image\/\",\"url\":\"https:\/\/secure.gravatar.com\/avatar\/28f5e082e790ad6550398397824df12dbb20fb60934bbd397c8dc1425ba4c9f6?s=96&d=mm&r=g\",\"contentUrl\":\"https:\/\/secure.gravatar.com\/avatar\/28f5e082e790ad6550398397824df12dbb20fb60934bbd397c8dc1425ba4c9f6?s=96&d=mm&r=g\",\"caption\":\"Ta\u00edpe\"},\"description\":\"Conte\u00fado produzido pela equipe editorial de Ta\u00edpe, empreendimento residencial de alto padr\u00e3o do Grupo Enseada Realty na Praia de Ta\u00edpe, em Trancoso, Bahia. Textos sobre a regi\u00e3o, sua geografia, cultura e modo de vida, com informa\u00e7\u00f5es verificadas em fontes oficiais.\",\"sameAs\":[\"https:\/\/www.trancosotaipe.com\/\"],\"url\":\"https:\/\/www.trancosotaipe.com\/en\/author\/seo-nucleo\/\"}]}<\/script>\n<!-- \/ Yoast SEO plugin. -->","yoast_head_json":{"title":"Mata Atl\u00e2ntica em Trancoso: o sil\u00eancio verde que ainda resiste sobre as fal\u00e9sias - Ta\u00edpe","description":"H\u00e1 um som espec\u00edfico em Trancoso que poucos lugares no mundo ainda guardam: o das ondas que chegam \u00e0s copas das \u00e1rvores, o farfalhar de uma floresta densa\u2026","robots":{"index":"index","follow":"follow","max-snippet":"max-snippet:-1","max-image-preview":"max-image-preview:large","max-video-preview":"max-video-preview:-1"},"canonical":"https:\/\/www.trancosotaipe.com\/en\/mata-atlantica-em-trancoso\/","og_locale":"en_US","og_type":"article","og_title":"Mata Atl\u00e2ntica em Trancoso: o sil\u00eancio verde que ainda resiste sobre as fal\u00e9sias - Ta\u00edpe","og_description":"H\u00e1 um som espec\u00edfico em Trancoso que poucos lugares no mundo ainda guardam: o das ondas que chegam \u00e0s copas das \u00e1rvores, o farfalhar de uma floresta densa\u2026","og_url":"https:\/\/www.trancosotaipe.com\/en\/mata-atlantica-em-trancoso\/","og_site_name":"Ta\u00edpe","article_publisher":"https:\/\/www.instagram.com\/taipetrancoso\/","article_published_time":"2026-07-20T12:00:00+00:00","article_modified_time":"2026-08-25T14:00:45+00:00","og_image":[{"width":1024,"height":576,"url":"https:\/\/www.trancosotaipe.com\/cms\/wp-content\/uploads\/2026\/06\/hero-08-2.webp","type":"image\/webp"}],"author":"Ta\u00edpe","twitter_card":"summary_large_image","twitter_misc":{"Written by":"Ta\u00edpe","Est. reading time":"10 minutes"},"schema":{"@context":"https:\/\/schema.org","@graph":[{"@type":"Article","@id":"https:\/\/www.trancosotaipe.com\/mata-atlantica-em-trancoso\/#article","isPartOf":{"@id":"https:\/\/www.trancosotaipe.com\/mata-atlantica-em-trancoso\/"},"author":{"name":"Ta\u00edpe","@id":"https:\/\/www.trancosotaipe.com\/#\/schema\/person\/c0c2900bf8502790ebf104dbf5ca0cae"},"headline":"Mata Atl\u00e2ntica em Trancoso: o sil\u00eancio verde que ainda resiste sobre as fal\u00e9sias","datePublished":"2026-07-20T12:00:00+00:00","dateModified":"2026-08-25T14:00:45+00:00","mainEntityOfPage":{"@id":"https:\/\/www.trancosotaipe.com\/mata-atlantica-em-trancoso\/"},"wordCount":1932,"commentCount":1,"publisher":{"@id":"https:\/\/www.trancosotaipe.com\/#organization"},"image":{"@id":"https:\/\/www.trancosotaipe.com\/mata-atlantica-em-trancoso\/#primaryimage"},"thumbnailUrl":"https:\/\/www.trancosotaipe.com\/cms\/wp-content\/uploads\/2026\/06\/hero-08-2.webp","keywords":["mata atl\u00e2ntica trancoso","Ta\u00edpe","Trancoso"],"articleSection":["Natureza e Sustentabilidade"],"inLanguage":"en-US","potentialAction":[{"@type":"CommentAction","name":"Comment","target":["https:\/\/www.trancosotaipe.com\/mata-atlantica-em-trancoso\/#respond"]}]},{"@type":"WebPage","@id":"https:\/\/www.trancosotaipe.com\/mata-atlantica-em-trancoso\/","url":"https:\/\/www.trancosotaipe.com\/mata-atlantica-em-trancoso\/","name":"Mata Atl\u00e2ntica em Trancoso: o sil\u00eancio verde que ainda resiste sobre as fal\u00e9sias - Ta\u00edpe","isPartOf":{"@id":"https:\/\/www.trancosotaipe.com\/#website"},"primaryImageOfPage":{"@id":"https:\/\/www.trancosotaipe.com\/mata-atlantica-em-trancoso\/#primaryimage"},"image":{"@id":"https:\/\/www.trancosotaipe.com\/mata-atlantica-em-trancoso\/#primaryimage"},"thumbnailUrl":"https:\/\/www.trancosotaipe.com\/cms\/wp-content\/uploads\/2026\/06\/hero-08-2.webp","datePublished":"2026-07-20T12:00:00+00:00","dateModified":"2026-08-25T14:00:45+00:00","description":"H\u00e1 um som espec\u00edfico em Trancoso que poucos lugares no mundo ainda guardam: o das ondas que chegam \u00e0s copas das \u00e1rvores, o farfalhar de uma floresta densa\u2026","breadcrumb":{"@id":"https:\/\/www.trancosotaipe.com\/mata-atlantica-em-trancoso\/#breadcrumb"},"inLanguage":"en-US","potentialAction":[{"@type":"ReadAction","target":["https:\/\/www.trancosotaipe.com\/mata-atlantica-em-trancoso\/"]}]},{"@type":"ImageObject","inLanguage":"en-US","@id":"https:\/\/www.trancosotaipe.com\/mata-atlantica-em-trancoso\/#primaryimage","url":"https:\/\/www.trancosotaipe.com\/cms\/wp-content\/uploads\/2026\/06\/hero-08-2.webp","contentUrl":"https:\/\/www.trancosotaipe.com\/cms\/wp-content\/uploads\/2026\/06\/hero-08-2.webp","width":1024,"height":576,"caption":"Sol entre a vegeta\u00e7\u00e3o nativa da Mata Atl\u00e2ntica em Trancoso, Bahia"},{"@type":"BreadcrumbList","@id":"https:\/\/www.trancosotaipe.com\/mata-atlantica-em-trancoso\/#breadcrumb","itemListElement":[{"@type":"ListItem","position":1,"name":"In\u00edcio","item":"https:\/\/www.trancosotaipe.com\/"},{"@type":"ListItem","position":2,"name":"Mata Atl\u00e2ntica em Trancoso: o sil\u00eancio verde que ainda resiste sobre as fal\u00e9sias"}]},{"@type":"WebSite","@id":"https:\/\/www.trancosotaipe.com\/#website","url":"https:\/\/www.trancosotaipe.com\/","name":"Ta\u00edpe Trancoso","description":"Portal oficial do empreendimento Ta\u00edpe Trancoso, oferecendo informa\u00e7\u00f5es sobre vilas residenciais de alto padr\u00e3o na Bahia.","publisher":{"@id":"https:\/\/www.trancosotaipe.com\/#organization"},"alternateName":"Ta\u00edpe","potentialAction":[{"@type":"SearchAction","target":{"@type":"EntryPoint","urlTemplate":"https:\/\/www.trancosotaipe.com\/?s={search_term_string}"},"query-input":{"@type":"PropertyValueSpecification","valueRequired":true,"valueName":"search_term_string"}}],"inLanguage":"en-US"},{"@type":"Organization","@id":"https:\/\/www.trancosotaipe.com\/#organization","name":"Ta\u00edpe Trancoso","alternateName":"Ta\u00edpe","url":"https:\/\/www.trancosotaipe.com\/","logo":{"@type":"ImageObject","inLanguage":"en-US","@id":"https:\/\/www.trancosotaipe.com\/#\/schema\/logo\/image\/","url":"https:\/\/www.trancosotaipe.com\/cms\/wp-content\/uploads\/2026\/01\/taipe-trancoso-bahia.webp","contentUrl":"https:\/\/www.trancosotaipe.com\/cms\/wp-content\/uploads\/2026\/01\/taipe-trancoso-bahia.webp","width":1200,"height":675,"caption":"Ta\u00edpe Trancoso"},"image":{"@id":"https:\/\/www.trancosotaipe.com\/#\/schema\/logo\/image\/"},"sameAs":["https:\/\/www.instagram.com\/taipetrancoso\/"]},{"@type":"Person","@id":"https:\/\/www.trancosotaipe.com\/#\/schema\/person\/c0c2900bf8502790ebf104dbf5ca0cae","name":"Ta\u00edpe","image":{"@type":"ImageObject","inLanguage":"en-US","@id":"https:\/\/www.trancosotaipe.com\/#\/schema\/person\/image\/","url":"https:\/\/secure.gravatar.com\/avatar\/28f5e082e790ad6550398397824df12dbb20fb60934bbd397c8dc1425ba4c9f6?s=96&d=mm&r=g","contentUrl":"https:\/\/secure.gravatar.com\/avatar\/28f5e082e790ad6550398397824df12dbb20fb60934bbd397c8dc1425ba4c9f6?s=96&d=mm&r=g","caption":"Ta\u00edpe"},"description":"Conte\u00fado produzido pela equipe editorial de Ta\u00edpe, empreendimento residencial de alto padr\u00e3o do Grupo Enseada Realty na Praia de Ta\u00edpe, em Trancoso, Bahia. Textos sobre a regi\u00e3o, sua geografia, cultura e modo de vida, com informa\u00e7\u00f5es verificadas em fontes oficiais.","sameAs":["https:\/\/www.trancosotaipe.com\/"],"url":"https:\/\/www.trancosotaipe.com\/en\/author\/seo-nucleo\/"}]}},"_links":{"self":[{"href":"https:\/\/www.trancosotaipe.com\/en\/wp-json\/wp\/v2\/posts\/222","targetHints":{"allow":["GET"]}}],"collection":[{"href":"https:\/\/www.trancosotaipe.com\/en\/wp-json\/wp\/v2\/posts"}],"about":[{"href":"https:\/\/www.trancosotaipe.com\/en\/wp-json\/wp\/v2\/types\/post"}],"author":[{"embeddable":true,"href":"https:\/\/www.trancosotaipe.com\/en\/wp-json\/wp\/v2\/users\/4"}],"replies":[{"embeddable":true,"href":"https:\/\/www.trancosotaipe.com\/en\/wp-json\/wp\/v2\/comments?post=222"}],"version-history":[{"count":3,"href":"https:\/\/www.trancosotaipe.com\/en\/wp-json\/wp\/v2\/posts\/222\/revisions"}],"predecessor-version":[{"id":541,"href":"https:\/\/www.trancosotaipe.com\/en\/wp-json\/wp\/v2\/posts\/222\/revisions\/541"}],"wp:featuredmedia":[{"embeddable":true,"href":"https:\/\/www.trancosotaipe.com\/en\/wp-json\/wp\/v2\/media\/425"}],"wp:attachment":[{"href":"https:\/\/www.trancosotaipe.com\/en\/wp-json\/wp\/v2\/media?parent=222"}],"wp:term":[{"taxonomy":"category","embeddable":true,"href":"https:\/\/www.trancosotaipe.com\/en\/wp-json\/wp\/v2\/categories?post=222"},{"taxonomy":"post_tag","embeddable":true,"href":"https:\/\/www.trancosotaipe.com\/en\/wp-json\/wp\/v2\/tags?post=222"}],"curies":[{"name":"wp","href":"https:\/\/api.w.org\/{rel}","templated":true}]}}