{"id":226,"date":"2026-04-13T09:00:00","date_gmt":"2026-04-13T12:00:00","guid":{"rendered":"https:\/\/www.trancosotaipe.com\/?p=226"},"modified":"2026-08-25T11:00:36","modified_gmt":"2026-08-25T14:00:36","slug":"falesias-de-trancoso","status":"publish","type":"post","link":"https:\/\/www.trancosotaipe.com\/en\/falesias-de-trancoso\/","title":{"rendered":"As fal\u00e9sias de Trancoso: o tempo esculpido em rocha que define a paisagem de Ta\u00edpe"},"content":{"rendered":"<p>H\u00e1 um instante, ao chegar \u00e0 Praia de Ta\u00edpe, em que o olhar n\u00e3o sabe onde pousar primeiro. As fal\u00e9sias de Trancoso se erguem como muralhas de areia compacta, riscadas em tons de ocre, cobre e rosa p\u00e1lido, e descem em dire\u00e7\u00e3o ao mar com a serenidade de quem est\u00e1 ali h\u00e1 muito mais tempo do que n\u00f3s conseguimos imaginar. \u00c9 diante desse pared\u00e3o monumental que Ta\u00edpe se assenta, no alto das fal\u00e9sias, em um dos \u00faltimos ref\u00fagios de Mata Atl\u00e2ntica intacta da regi\u00e3o, diante de uma das praias mais exclusivas da Bahia.<\/p>\n<p>Antes de serem cen\u00e1rio, as fal\u00e9sias s\u00e3o mem\u00f3ria. Cada faixa de cor que voc\u00ea enxerga nelas \u00e9 um cap\u00edtulo de uma hist\u00f3ria geol\u00f3gica que come\u00e7ou muito antes de Trancoso ter nome. Entender como elas se formaram \u00e9 entender por que essa paisagem \u00e9, ao mesmo tempo, t\u00e3o rara e t\u00e3o imposs\u00edvel de reproduzir.<\/p>\n<h2>Como se formaram as fal\u00e9sias de Trancoso<\/h2>\n<p>As fal\u00e9sias que emolduram o litoral de Trancoso e da Costa do Descobrimento pertencem a uma forma\u00e7\u00e3o geol\u00f3gica conhecida como Grupo Barreiras, um extenso conjunto de sedimentos depositados ao longo de milh\u00f5es de anos por rios e pelo recuo e avan\u00e7o do mar, antes mesmo de o oceano Atl\u00e2ntico ter o desenho que tem hoje.<\/p>\n<p>O processo \u00e9, em si, uma li\u00e7\u00e3o de paci\u00eancia. Camada sobre camada, areias e argilas se acumularam e se compactaram, formando pared\u00f5es de sedimento que o tempo endureceu sem nunca chegar a transformar em pedra dura. Por isso as fal\u00e9sias s\u00e3o, ao toque do olhar, macias: areia que aprendeu a se sustentar de p\u00e9.<\/p>\n<h3>As cores que o tempo desenhou<\/h3>\n<p>A paleta das fal\u00e9sias de Trancoso n\u00e3o \u00e9 acaso. As tonalidades que v\u00e3o do branco ao amarelo, do alaranjado ao vermelho intenso, revelam a presen\u00e7a de diferentes minerais, sobretudo \u00f3xidos de ferro, distribu\u00eddos de forma desigual ao longo das camadas. Onde o ferro \u00e9 mais abundante, a rocha tende ao cobre e ao rubro; onde \u00e9 mais escasso, prevalecem os tons claros, quase luminosos sob o sol do meio-dia.<\/p>\n<p>O resultado \u00e9 uma estratigrafia vis\u00edvel a olho nu: linhas horizontais que, lidas de baixo para cima, contam a sucess\u00e3o das eras. N\u00e3o \u00e9 exagero dizer que, ao contemplar uma fal\u00e9sia, voc\u00ea est\u00e1 lendo o tempo.<\/p>\n<h3>A escultura cont\u00ednua do mar e da chuva<\/h3>\n<p>As fal\u00e9sias n\u00e3o s\u00e3o monumentos acabados. S\u00e3o obras em andamento. O mar, ao bater na base, e a chuva, ao escorrer pela face exposta, esculpem continuamente o pared\u00e3o, abrindo reentr\u00e2ncias, desenhando sulcos verticais, revelando novas camadas. \u00c9 um trabalho lento, quase impercept\u00edvel na escala de uma vida humana, mas incessante.<\/p>\n<p>Essa din\u00e2mica explica por que cada fal\u00e9sia \u00e9 \u00fanica e por que a paisagem nunca \u00e9 exatamente a mesma de uma esta\u00e7\u00e3o para outra. O que vemos \u00e9 um instant\u00e2neo de um processo que continua, e essa fragilidade \u00e9 justamente o que torna a preserva\u00e7\u00e3o desses ambientes t\u00e3o essencial.<\/p>\n<p><img decoding=\"async\" alt=\"Composi\u00e7\u00e3o dram\u00e1tica das fal\u00e9sias e dos coqueiros sobre a praia de Ta\u00edpe, Trancoso, Bahia\" src=\"https:\/\/www.trancosotaipe.com\/cms\/wp-content\/uploads\/2026\/06\/magnific__editorial-composition-blending-the-dramatic-palmli__73083.jpg\" style=\"display:block;margin:1.6rem auto;max-width:680px;width:100%;height:auto;border-radius:6px;\" \/><br \/>\n<em style=\"display:block;text-align:center;font-size:.85em;color:#666;margin:.4rem auto 1.6rem;\">Imagem ilustrativa.<\/em><\/p>\n<h2>Por que as fal\u00e9sias definem a paisagem de Ta\u00edpe<\/h2>\n<p>Em Ta\u00edpe, a fal\u00e9sia n\u00e3o \u00e9 um detalhe do entorno: \u00e9 o eixo em torno do qual tudo se organiza. O empreendimento se posiciona no alto desse relevo monumental, e \u00e9 dessa altura que nasce a rela\u00e7\u00e3o singular entre quem est\u00e1 ali e a imensid\u00e3o diante dos olhos.<\/p>\n<p>Do topo, o mar se apresenta como horizonte amplo e ininterrupto. A vegeta\u00e7\u00e3o nativa da Mata Atl\u00e2ntica desce em dire\u00e7\u00e3o \u00e0 praia, e o som das ondas chega filtrado pelas copas, num di\u00e1logo permanente entre a terra alta e a \u00e1gua. Essa \u00e9 a assinatura sensorial de Ta\u00edpe, uma paisagem em que altura, vegeta\u00e7\u00e3o e mar se comp\u00f5em em camadas, exatamente como as camadas da pr\u00f3pria fal\u00e9sia.<\/p>\n<h3>A fal\u00e9sia como inspira\u00e7\u00e3o do projeto<\/h3>\n<p>N\u00e3o por acaso, a fal\u00e9sia atravessa o pr\u00f3prio vocabul\u00e1rio de Ta\u00edpe. O <strong>Clubhouse Fal\u00e9sia<\/strong> e o <strong>Lounge Fal\u00e9sia<\/strong> levam o nome do relevo que os abriga, e o paisagismo assinado por <strong>Alex Hanazaki<\/strong> foi concebido em di\u00e1logo direto com as fal\u00e9sias, com o horizonte do mar e com a vegeta\u00e7\u00e3o nativa. A arquitetura das \u00e1reas comuns, sob a assinatura de <strong>David Bastos<\/strong>, e o Master Plan desenhado por <strong>Caio Bandeira e Tiago Martins<\/strong>, da Architects+Co, partem das linhas org\u00e2nicas da paisagem para integrar o constru\u00eddo ao que j\u00e1 existia.<\/p>\n<p>A fal\u00e9sia, aqui, \u00e9 mais do que cen\u00e1rio: \u00e9 princ\u00edpio. Tudo o que se ergue em Ta\u00edpe responde a ela.<\/p>\n<p><img decoding=\"async\" alt=\"Imagem cinematogr\u00e1fica das fal\u00e9sias coloridas descendo at\u00e9 o mar na Praia de Ta\u00edpe, Trancoso, Bahia\" src=\"https:\/\/www.trancosotaipe.com\/cms\/wp-content\/uploads\/2026\/06\/magnific_cinematic-photograph-insp_y6C6xULPW9.jpg\" style=\"display:block;margin:1.6rem auto;max-width:680px;width:100%;height:auto;border-radius:6px;\" \/><br \/>\n<em style=\"display:block;text-align:center;font-size:.85em;color:#666;margin:.4rem auto 1.6rem;\">Imagem ilustrativa.<\/em><\/p>\n<h2>A rela\u00e7\u00e3o entre as fal\u00e9sias e a praia<\/h2>\n<p>A Praia de Ta\u00edpe deve sua exclusividade, em boa parte, \u00e0s fal\u00e9sias que a guardam. S\u00e3o elas que limitam o acesso, que criam recantos resguardados e que conferem \u00e0quele trecho de litoral a sensa\u00e7\u00e3o de ref\u00fagio, uma praia que n\u00e3o se entrega facilmente, protegida por pared\u00f5es que funcionam como uma fronteira natural entre o mundo e o mar.<\/p>\n<p>Essa geografia explica a serenidade do lugar. Onde a fal\u00e9sia \u00e9 alta, a praia ganha intimidade; onde recua, abre-se em areais amplos. O encontro entre a base da fal\u00e9sia e a faixa de areia \u00e9 uma das imagens mais marcantes da regi\u00e3o, e uma das mais sens\u00edveis, j\u00e1 que \u00e9 nesse ponto que a a\u00e7\u00e3o do mar continua, dia ap\u00f3s dia, a redesenhar o contorno da costa.<\/p>\n<h3>The Lift: descer a fal\u00e9sia sem feri-la<\/h3>\n<p>Viver no alto de uma fal\u00e9sia monumental coloca uma quest\u00e3o delicada: como chegar \u00e0 praia sem agredir o relevo que torna tudo aquilo especial? A resposta de Ta\u00edpe \u00e9 o <strong>The Lift<\/strong>, dois elevadores exclusivos integrados ao pr\u00f3prio relevo, somados a um caminho e a um deck elevado que conduzem da parte alta at\u00e9 a areia.<\/p>\n<p>A escolha \u00e9 coerente com tudo o que a fal\u00e9sia representa. Em vez de impor \u00e0 paisagem uma interven\u00e7\u00e3o que a desfigure, o projeto prop\u00f5e um acesso que se ajusta \u00e0 topografia existente, respeitando a fragilidade do sedimento e a vegeta\u00e7\u00e3o que o recobre. Descer at\u00e9 o mar, em Ta\u00edpe, \u00e9 um percurso pensado para preservar aquilo que se atravessa.<\/p>\n<p><img decoding=\"async\" alt=\"Vista a\u00e9rea da praia deserta e das fal\u00e9sias preservadas de Ta\u00edpe, Trancoso, extremo sul da Bahia\" src=\"https:\/\/www.trancosotaipe.com\/cms\/wp-content\/uploads\/2026\/06\/magnific_mesclando-img20-e-img15-v_swowNYAl8e.jpg\" style=\"display:block;margin:1.6rem auto;max-width:680px;width:100%;height:auto;border-radius:6px;\" \/><br \/>\n<em style=\"display:block;text-align:center;font-size:.85em;color:#666;margin:.4rem auto 1.6rem;\">Imagem ilustrativa.<\/em><\/p>\n<h2>Um patrim\u00f4nio que se contempla e se preserva<\/h2>\n<p>As fal\u00e9sias de Trancoso s\u00e3o, ao mesmo tempo, antigas e vivas. Carregam a mem\u00f3ria de milh\u00f5es de anos e seguem sendo esculpidas diante de n\u00f3s. Reverenci\u00e1-las \u00e9 entender que a paisagem de Ta\u00edpe n\u00e3o foi inventada, foi encontrada, preservada e, com discri\u00e7\u00e3o, habitada.<\/p>\n<p>Talvez seja essa a ess\u00eancia do lugar: viver no alto de algo que o tempo levou eras para construir e que nenhuma pressa humana poderia repor. Uma paisagem que pede contempla\u00e7\u00e3o antes de qualquer coisa.<\/p>\n<p>Para conhecer de perto como Ta\u00edpe se integra a esse relevo monumental e \u00e0 Mata Atl\u00e2ntica preservada de Trancoso, visite <strong><a href=\"https:\/\/www.trancosotaipe.com\/en\/\">trancosotaipe.com<\/a><\/strong> e descubra o tesouro mais bem guardado de Trancoso.<\/p>\n<hr \/>\n<h2>Perguntas frequentes sobre as fal\u00e9sias de Trancoso<\/h2>\n<p><strong>O que s\u00e3o as fal\u00e9sias de Trancoso?<\/strong><br \/>\nS\u00e3o pared\u00f5es de sedimento compactado, areias e argilas acumuladas e endurecidas ao longo de milh\u00f5es de anos, que formam a orla da Costa do Descobrimento. Pertencem a uma forma\u00e7\u00e3o geol\u00f3gica conhecida como Grupo Barreiras e se destacam pelas cores que v\u00e3o do branco ao vermelho intenso.<\/p>\n<p><strong>Por que as fal\u00e9sias de Trancoso t\u00eam cores diferentes?<\/strong><br \/>\nAs tonalidades resultam da presen\u00e7a desigual de minerais nas camadas de sedimento, sobretudo \u00f3xidos de ferro. Quanto mais ferro, mais a rocha tende ao alaranjado e ao avermelhado; onde ele \u00e9 escasso, prevalecem os tons claros.<\/p>\n<p><strong>Onde ficam as fal\u00e9sias da Praia de Ta\u00edpe?<\/strong><br \/>\nNa Praia de Ta\u00edpe, no eixo Trancoso-Arraial d&#8217;Ajuda, em Porto Seguro (BA), a cerca de 15 minutos do Quadrado de Trancoso e a 3 minutos do Aeroporto Terravista. \u00c9 no alto dessas fal\u00e9sias monumentais que o empreendimento Ta\u00edpe se posiciona.<\/p>\n<p><strong>Como \u00e9 o acesso \u00e0 praia em Ta\u00edpe?<\/strong><br \/>\nPelo The Lift: dois elevadores exclusivos integrados ao relevo, somados a um caminho e a um deck elevado que conduzem do topo da fal\u00e9sia at\u00e9 a areia, com o cuidado de respeitar a topografia e a vegeta\u00e7\u00e3o nativa.<\/p>\n<p><strong>As fal\u00e9sias podem mudar com o tempo?<\/strong><br \/>\nSim. O mar e a chuva esculpem continuamente os pared\u00f5es, abrindo reentr\u00e2ncias e revelando novas camadas. \u00c9 um processo lento, por\u00e9m constante, uma das raz\u00f5es pelas quais a preserva\u00e7\u00e3o desses ambientes \u00e9 t\u00e3o importante.<\/p>\n<hr \/>\n<h2>Leia tamb\u00e9m<\/h2>\n<ul>\n<li><strong>Onde fica a Praia de Ta\u00edpe e por que ela \u00e9 uma das mais exclusivas de Trancoso<\/strong><\/li>\n<li><strong>Mata Atl\u00e2ntica em Trancoso: por que preservar os \u00faltimos ref\u00fagios intactos da regi\u00e3o<\/strong><\/li>\n<li><strong>Alex Hanazaki e o paisagismo que conversa com a Mata Atl\u00e2ntica<\/strong><\/li>\n<\/ul>\n<hr \/>\n<p><em>As imagens, ilustra\u00e7\u00f5es e perspectivas relativas ao empreendimento t\u00eam car\u00e1ter meramente ilustrativo, tratando-se de bem a ser constru\u00eddo, nos termos da Lei n\u00ba 4.591\/64. Mobili\u00e1rio, acabamentos e paisagismo das \u00e1reas comuns s\u00e3o refer\u00eancia e podem sofrer altera\u00e7\u00f5es. Dados de incorpora\u00e7\u00e3o seguem os registros vigentes no Cart\u00f3rio de Registro de Im\u00f3veis de Porto Seguro, BA.<\/em><\/p>","protected":false},"excerpt":{"rendered":"<p>H\u00e1 um instante, ao chegar \u00e0 Praia de Ta\u00edpe, em que o olhar n\u00e3o sabe onde pousar primeiro. As fal\u00e9sias de Trancoso se erguem como muralhas de areia\u2026<\/p>","protected":false},"author":4,"featured_media":426,"comment_status":"open","ping_status":"open","sticky":false,"template":"","format":"standard","meta":{"_yoast_wpseo_focuskw":"fal\u00e9sias trancoso","_yoast_wpseo_metadesc":"H\u00e1 um instante, ao chegar \u00e0 Praia de Ta\u00edpe, em que o olhar n\u00e3o sabe onde pousar primeiro. As fal\u00e9sias de Trancoso se erguem como muralhas de areia\u2026","footnotes":""},"categories":[19],"tags":[21,12,11],"class_list":["post-226","post","type-post","status-publish","format-standard","has-post-thumbnail","hentry","category-natureza-e-sustentabilidade","tag-falesias-trancoso","tag-taipe","tag-trancoso"],"yoast_head":"<!-- This site is optimized with the Yoast SEO plugin v26.8 - https:\/\/yoast.com\/product\/yoast-seo-wordpress\/ -->\n<title>As fal\u00e9sias de Trancoso: o tempo esculpido em rocha que define a paisagem de Ta\u00edpe - Ta\u00edpe<\/title>\n<meta name=\"description\" content=\"H\u00e1 um instante, ao chegar \u00e0 Praia de Ta\u00edpe, em que o olhar n\u00e3o sabe onde pousar primeiro. As fal\u00e9sias de Trancoso se erguem como muralhas de areia\u2026\" \/>\n<meta name=\"robots\" content=\"index, follow, max-snippet:-1, max-image-preview:large, max-video-preview:-1\" \/>\n<link rel=\"canonical\" href=\"https:\/\/www.trancosotaipe.com\/en\/falesias-de-trancoso\/\" \/>\n<meta property=\"og:locale\" content=\"en_US\" \/>\n<meta property=\"og:type\" content=\"article\" \/>\n<meta property=\"og:title\" content=\"As fal\u00e9sias de Trancoso: o tempo esculpido em rocha que define a paisagem de Ta\u00edpe - Ta\u00edpe\" \/>\n<meta property=\"og:description\" content=\"H\u00e1 um instante, ao chegar \u00e0 Praia de Ta\u00edpe, em que o olhar n\u00e3o sabe onde pousar primeiro. As fal\u00e9sias de Trancoso se erguem como muralhas de areia\u2026\" \/>\n<meta property=\"og:url\" content=\"https:\/\/www.trancosotaipe.com\/en\/falesias-de-trancoso\/\" \/>\n<meta property=\"og:site_name\" content=\"Ta\u00edpe\" \/>\n<meta property=\"article:publisher\" content=\"https:\/\/www.instagram.com\/taipetrancoso\/\" \/>\n<meta property=\"article:published_time\" content=\"2026-04-13T12:00:00+00:00\" \/>\n<meta property=\"article:modified_time\" content=\"2026-08-25T14:00:36+00:00\" \/>\n<meta property=\"og:image\" content=\"https:\/\/www.trancosotaipe.com\/cms\/wp-content\/uploads\/2026\/06\/hero-09-2.webp\" \/>\n\t<meta property=\"og:image:width\" content=\"1600\" \/>\n\t<meta property=\"og:image:height\" content=\"900\" \/>\n\t<meta property=\"og:image:type\" content=\"image\/webp\" \/>\n<meta name=\"author\" content=\"Ta\u00edpe\" \/>\n<meta name=\"twitter:card\" content=\"summary_large_image\" \/>\n<meta name=\"twitter:label1\" content=\"Written by\" \/>\n\t<meta name=\"twitter:data1\" content=\"Ta\u00edpe\" \/>\n\t<meta name=\"twitter:label2\" content=\"Est. reading time\" \/>\n\t<meta name=\"twitter:data2\" content=\"8 minutes\" \/>\n<script type=\"application\/ld+json\" class=\"yoast-schema-graph\">{\"@context\":\"https:\/\/schema.org\",\"@graph\":[{\"@type\":\"Article\",\"@id\":\"https:\/\/www.trancosotaipe.com\/falesias-de-trancoso\/#article\",\"isPartOf\":{\"@id\":\"https:\/\/www.trancosotaipe.com\/falesias-de-trancoso\/\"},\"author\":{\"name\":\"Ta\u00edpe\",\"@id\":\"https:\/\/www.trancosotaipe.com\/#\/schema\/person\/c0c2900bf8502790ebf104dbf5ca0cae\"},\"headline\":\"As fal\u00e9sias de Trancoso: o tempo esculpido em rocha que define a paisagem de Ta\u00edpe\",\"datePublished\":\"2026-04-13T12:00:00+00:00\",\"dateModified\":\"2026-08-25T14:00:36+00:00\",\"mainEntityOfPage\":{\"@id\":\"https:\/\/www.trancosotaipe.com\/falesias-de-trancoso\/\"},\"wordCount\":1585,\"commentCount\":1,\"publisher\":{\"@id\":\"https:\/\/www.trancosotaipe.com\/#organization\"},\"image\":{\"@id\":\"https:\/\/www.trancosotaipe.com\/falesias-de-trancoso\/#primaryimage\"},\"thumbnailUrl\":\"https:\/\/www.trancosotaipe.com\/cms\/wp-content\/uploads\/2026\/06\/hero-09-2.webp\",\"keywords\":[\"fal\u00e9sias trancoso\",\"Ta\u00edpe\",\"Trancoso\"],\"articleSection\":[\"Natureza e Sustentabilidade\"],\"inLanguage\":\"en-US\",\"potentialAction\":[{\"@type\":\"CommentAction\",\"name\":\"Comment\",\"target\":[\"https:\/\/www.trancosotaipe.com\/falesias-de-trancoso\/#respond\"]}]},{\"@type\":\"WebPage\",\"@id\":\"https:\/\/www.trancosotaipe.com\/falesias-de-trancoso\/\",\"url\":\"https:\/\/www.trancosotaipe.com\/falesias-de-trancoso\/\",\"name\":\"As fal\u00e9sias de Trancoso: o tempo esculpido em rocha que define a paisagem de Ta\u00edpe - Ta\u00edpe\",\"isPartOf\":{\"@id\":\"https:\/\/www.trancosotaipe.com\/#website\"},\"primaryImageOfPage\":{\"@id\":\"https:\/\/www.trancosotaipe.com\/falesias-de-trancoso\/#primaryimage\"},\"image\":{\"@id\":\"https:\/\/www.trancosotaipe.com\/falesias-de-trancoso\/#primaryimage\"},\"thumbnailUrl\":\"https:\/\/www.trancosotaipe.com\/cms\/wp-content\/uploads\/2026\/06\/hero-09-2.webp\",\"datePublished\":\"2026-04-13T12:00:00+00:00\",\"dateModified\":\"2026-08-25T14:00:36+00:00\",\"description\":\"H\u00e1 um instante, ao chegar \u00e0 Praia de Ta\u00edpe, em que o olhar n\u00e3o sabe onde pousar primeiro. As fal\u00e9sias de Trancoso se erguem como muralhas de areia\u2026\",\"breadcrumb\":{\"@id\":\"https:\/\/www.trancosotaipe.com\/falesias-de-trancoso\/#breadcrumb\"},\"inLanguage\":\"en-US\",\"potentialAction\":[{\"@type\":\"ReadAction\",\"target\":[\"https:\/\/www.trancosotaipe.com\/falesias-de-trancoso\/\"]}]},{\"@type\":\"ImageObject\",\"inLanguage\":\"en-US\",\"@id\":\"https:\/\/www.trancosotaipe.com\/falesias-de-trancoso\/#primaryimage\",\"url\":\"https:\/\/www.trancosotaipe.com\/cms\/wp-content\/uploads\/2026\/06\/hero-09-2.webp\",\"contentUrl\":\"https:\/\/www.trancosotaipe.com\/cms\/wp-content\/uploads\/2026\/06\/hero-09-2.webp\",\"width\":1600,\"height\":900,\"caption\":\"Fal\u00e9sias monumentais da Praia de Ta\u00edpe, em Trancoso, Bahia\"},{\"@type\":\"BreadcrumbList\",\"@id\":\"https:\/\/www.trancosotaipe.com\/falesias-de-trancoso\/#breadcrumb\",\"itemListElement\":[{\"@type\":\"ListItem\",\"position\":1,\"name\":\"In\u00edcio\",\"item\":\"https:\/\/www.trancosotaipe.com\/\"},{\"@type\":\"ListItem\",\"position\":2,\"name\":\"As fal\u00e9sias de Trancoso: o tempo esculpido em rocha que define a paisagem de Ta\u00edpe\"}]},{\"@type\":\"WebSite\",\"@id\":\"https:\/\/www.trancosotaipe.com\/#website\",\"url\":\"https:\/\/www.trancosotaipe.com\/\",\"name\":\"Ta\u00edpe Trancoso\",\"description\":\"Portal oficial do empreendimento Ta\u00edpe Trancoso, oferecendo informa\u00e7\u00f5es sobre vilas residenciais de alto padr\u00e3o na Bahia.\",\"publisher\":{\"@id\":\"https:\/\/www.trancosotaipe.com\/#organization\"},\"alternateName\":\"Ta\u00edpe\",\"potentialAction\":[{\"@type\":\"SearchAction\",\"target\":{\"@type\":\"EntryPoint\",\"urlTemplate\":\"https:\/\/www.trancosotaipe.com\/?s={search_term_string}\"},\"query-input\":{\"@type\":\"PropertyValueSpecification\",\"valueRequired\":true,\"valueName\":\"search_term_string\"}}],\"inLanguage\":\"en-US\"},{\"@type\":\"Organization\",\"@id\":\"https:\/\/www.trancosotaipe.com\/#organization\",\"name\":\"Ta\u00edpe Trancoso\",\"alternateName\":\"Ta\u00edpe\",\"url\":\"https:\/\/www.trancosotaipe.com\/\",\"logo\":{\"@type\":\"ImageObject\",\"inLanguage\":\"en-US\",\"@id\":\"https:\/\/www.trancosotaipe.com\/#\/schema\/logo\/image\/\",\"url\":\"https:\/\/www.trancosotaipe.com\/cms\/wp-content\/uploads\/2026\/01\/taipe-trancoso-bahia.webp\",\"contentUrl\":\"https:\/\/www.trancosotaipe.com\/cms\/wp-content\/uploads\/2026\/01\/taipe-trancoso-bahia.webp\",\"width\":1200,\"height\":675,\"caption\":\"Ta\u00edpe Trancoso\"},\"image\":{\"@id\":\"https:\/\/www.trancosotaipe.com\/#\/schema\/logo\/image\/\"},\"sameAs\":[\"https:\/\/www.instagram.com\/taipetrancoso\/\"]},{\"@type\":\"Person\",\"@id\":\"https:\/\/www.trancosotaipe.com\/#\/schema\/person\/c0c2900bf8502790ebf104dbf5ca0cae\",\"name\":\"Ta\u00edpe\",\"image\":{\"@type\":\"ImageObject\",\"inLanguage\":\"en-US\",\"@id\":\"https:\/\/www.trancosotaipe.com\/#\/schema\/person\/image\/\",\"url\":\"https:\/\/secure.gravatar.com\/avatar\/28f5e082e790ad6550398397824df12dbb20fb60934bbd397c8dc1425ba4c9f6?s=96&d=mm&r=g\",\"contentUrl\":\"https:\/\/secure.gravatar.com\/avatar\/28f5e082e790ad6550398397824df12dbb20fb60934bbd397c8dc1425ba4c9f6?s=96&d=mm&r=g\",\"caption\":\"Ta\u00edpe\"},\"description\":\"Conte\u00fado produzido pela equipe editorial de Ta\u00edpe, empreendimento residencial de alto padr\u00e3o do Grupo Enseada Realty na Praia de Ta\u00edpe, em Trancoso, Bahia. Textos sobre a regi\u00e3o, sua geografia, cultura e modo de vida, com informa\u00e7\u00f5es verificadas em fontes oficiais.\",\"sameAs\":[\"https:\/\/www.trancosotaipe.com\/\"],\"url\":\"https:\/\/www.trancosotaipe.com\/en\/author\/seo-nucleo\/\"}]}<\/script>\n<!-- \/ Yoast SEO plugin. -->","yoast_head_json":{"title":"As fal\u00e9sias de Trancoso: o tempo esculpido em rocha que define a paisagem de Ta\u00edpe - Ta\u00edpe","description":"H\u00e1 um instante, ao chegar \u00e0 Praia de Ta\u00edpe, em que o olhar n\u00e3o sabe onde pousar primeiro. As fal\u00e9sias de Trancoso se erguem como muralhas de areia\u2026","robots":{"index":"index","follow":"follow","max-snippet":"max-snippet:-1","max-image-preview":"max-image-preview:large","max-video-preview":"max-video-preview:-1"},"canonical":"https:\/\/www.trancosotaipe.com\/en\/falesias-de-trancoso\/","og_locale":"en_US","og_type":"article","og_title":"As fal\u00e9sias de Trancoso: o tempo esculpido em rocha que define a paisagem de Ta\u00edpe - Ta\u00edpe","og_description":"H\u00e1 um instante, ao chegar \u00e0 Praia de Ta\u00edpe, em que o olhar n\u00e3o sabe onde pousar primeiro. As fal\u00e9sias de Trancoso se erguem como muralhas de areia\u2026","og_url":"https:\/\/www.trancosotaipe.com\/en\/falesias-de-trancoso\/","og_site_name":"Ta\u00edpe","article_publisher":"https:\/\/www.instagram.com\/taipetrancoso\/","article_published_time":"2026-04-13T12:00:00+00:00","article_modified_time":"2026-08-25T14:00:36+00:00","og_image":[{"width":1600,"height":900,"url":"https:\/\/www.trancosotaipe.com\/cms\/wp-content\/uploads\/2026\/06\/hero-09-2.webp","type":"image\/webp"}],"author":"Ta\u00edpe","twitter_card":"summary_large_image","twitter_misc":{"Written by":"Ta\u00edpe","Est. reading time":"8 minutes"},"schema":{"@context":"https:\/\/schema.org","@graph":[{"@type":"Article","@id":"https:\/\/www.trancosotaipe.com\/falesias-de-trancoso\/#article","isPartOf":{"@id":"https:\/\/www.trancosotaipe.com\/falesias-de-trancoso\/"},"author":{"name":"Ta\u00edpe","@id":"https:\/\/www.trancosotaipe.com\/#\/schema\/person\/c0c2900bf8502790ebf104dbf5ca0cae"},"headline":"As fal\u00e9sias de Trancoso: o tempo esculpido em rocha que define a paisagem de Ta\u00edpe","datePublished":"2026-04-13T12:00:00+00:00","dateModified":"2026-08-25T14:00:36+00:00","mainEntityOfPage":{"@id":"https:\/\/www.trancosotaipe.com\/falesias-de-trancoso\/"},"wordCount":1585,"commentCount":1,"publisher":{"@id":"https:\/\/www.trancosotaipe.com\/#organization"},"image":{"@id":"https:\/\/www.trancosotaipe.com\/falesias-de-trancoso\/#primaryimage"},"thumbnailUrl":"https:\/\/www.trancosotaipe.com\/cms\/wp-content\/uploads\/2026\/06\/hero-09-2.webp","keywords":["fal\u00e9sias trancoso","Ta\u00edpe","Trancoso"],"articleSection":["Natureza e Sustentabilidade"],"inLanguage":"en-US","potentialAction":[{"@type":"CommentAction","name":"Comment","target":["https:\/\/www.trancosotaipe.com\/falesias-de-trancoso\/#respond"]}]},{"@type":"WebPage","@id":"https:\/\/www.trancosotaipe.com\/falesias-de-trancoso\/","url":"https:\/\/www.trancosotaipe.com\/falesias-de-trancoso\/","name":"As fal\u00e9sias de Trancoso: o tempo esculpido em rocha que define a paisagem de Ta\u00edpe - Ta\u00edpe","isPartOf":{"@id":"https:\/\/www.trancosotaipe.com\/#website"},"primaryImageOfPage":{"@id":"https:\/\/www.trancosotaipe.com\/falesias-de-trancoso\/#primaryimage"},"image":{"@id":"https:\/\/www.trancosotaipe.com\/falesias-de-trancoso\/#primaryimage"},"thumbnailUrl":"https:\/\/www.trancosotaipe.com\/cms\/wp-content\/uploads\/2026\/06\/hero-09-2.webp","datePublished":"2026-04-13T12:00:00+00:00","dateModified":"2026-08-25T14:00:36+00:00","description":"H\u00e1 um instante, ao chegar \u00e0 Praia de Ta\u00edpe, em que o olhar n\u00e3o sabe onde pousar primeiro. As fal\u00e9sias de Trancoso se erguem como muralhas de areia\u2026","breadcrumb":{"@id":"https:\/\/www.trancosotaipe.com\/falesias-de-trancoso\/#breadcrumb"},"inLanguage":"en-US","potentialAction":[{"@type":"ReadAction","target":["https:\/\/www.trancosotaipe.com\/falesias-de-trancoso\/"]}]},{"@type":"ImageObject","inLanguage":"en-US","@id":"https:\/\/www.trancosotaipe.com\/falesias-de-trancoso\/#primaryimage","url":"https:\/\/www.trancosotaipe.com\/cms\/wp-content\/uploads\/2026\/06\/hero-09-2.webp","contentUrl":"https:\/\/www.trancosotaipe.com\/cms\/wp-content\/uploads\/2026\/06\/hero-09-2.webp","width":1600,"height":900,"caption":"Fal\u00e9sias monumentais da Praia de Ta\u00edpe, em Trancoso, Bahia"},{"@type":"BreadcrumbList","@id":"https:\/\/www.trancosotaipe.com\/falesias-de-trancoso\/#breadcrumb","itemListElement":[{"@type":"ListItem","position":1,"name":"In\u00edcio","item":"https:\/\/www.trancosotaipe.com\/"},{"@type":"ListItem","position":2,"name":"As fal\u00e9sias de Trancoso: o tempo esculpido em rocha que define a paisagem de Ta\u00edpe"}]},{"@type":"WebSite","@id":"https:\/\/www.trancosotaipe.com\/#website","url":"https:\/\/www.trancosotaipe.com\/","name":"Ta\u00edpe Trancoso","description":"Portal oficial do empreendimento Ta\u00edpe Trancoso, oferecendo informa\u00e7\u00f5es sobre vilas residenciais de alto padr\u00e3o na Bahia.","publisher":{"@id":"https:\/\/www.trancosotaipe.com\/#organization"},"alternateName":"Ta\u00edpe","potentialAction":[{"@type":"SearchAction","target":{"@type":"EntryPoint","urlTemplate":"https:\/\/www.trancosotaipe.com\/?s={search_term_string}"},"query-input":{"@type":"PropertyValueSpecification","valueRequired":true,"valueName":"search_term_string"}}],"inLanguage":"en-US"},{"@type":"Organization","@id":"https:\/\/www.trancosotaipe.com\/#organization","name":"Ta\u00edpe Trancoso","alternateName":"Ta\u00edpe","url":"https:\/\/www.trancosotaipe.com\/","logo":{"@type":"ImageObject","inLanguage":"en-US","@id":"https:\/\/www.trancosotaipe.com\/#\/schema\/logo\/image\/","url":"https:\/\/www.trancosotaipe.com\/cms\/wp-content\/uploads\/2026\/01\/taipe-trancoso-bahia.webp","contentUrl":"https:\/\/www.trancosotaipe.com\/cms\/wp-content\/uploads\/2026\/01\/taipe-trancoso-bahia.webp","width":1200,"height":675,"caption":"Ta\u00edpe Trancoso"},"image":{"@id":"https:\/\/www.trancosotaipe.com\/#\/schema\/logo\/image\/"},"sameAs":["https:\/\/www.instagram.com\/taipetrancoso\/"]},{"@type":"Person","@id":"https:\/\/www.trancosotaipe.com\/#\/schema\/person\/c0c2900bf8502790ebf104dbf5ca0cae","name":"Ta\u00edpe","image":{"@type":"ImageObject","inLanguage":"en-US","@id":"https:\/\/www.trancosotaipe.com\/#\/schema\/person\/image\/","url":"https:\/\/secure.gravatar.com\/avatar\/28f5e082e790ad6550398397824df12dbb20fb60934bbd397c8dc1425ba4c9f6?s=96&d=mm&r=g","contentUrl":"https:\/\/secure.gravatar.com\/avatar\/28f5e082e790ad6550398397824df12dbb20fb60934bbd397c8dc1425ba4c9f6?s=96&d=mm&r=g","caption":"Ta\u00edpe"},"description":"Conte\u00fado produzido pela equipe editorial de Ta\u00edpe, empreendimento residencial de alto padr\u00e3o do Grupo Enseada Realty na Praia de Ta\u00edpe, em Trancoso, Bahia. Textos sobre a regi\u00e3o, sua geografia, cultura e modo de vida, com informa\u00e7\u00f5es verificadas em fontes oficiais.","sameAs":["https:\/\/www.trancosotaipe.com\/"],"url":"https:\/\/www.trancosotaipe.com\/en\/author\/seo-nucleo\/"}]}},"_links":{"self":[{"href":"https:\/\/www.trancosotaipe.com\/en\/wp-json\/wp\/v2\/posts\/226","targetHints":{"allow":["GET"]}}],"collection":[{"href":"https:\/\/www.trancosotaipe.com\/en\/wp-json\/wp\/v2\/posts"}],"about":[{"href":"https:\/\/www.trancosotaipe.com\/en\/wp-json\/wp\/v2\/types\/post"}],"author":[{"embeddable":true,"href":"https:\/\/www.trancosotaipe.com\/en\/wp-json\/wp\/v2\/users\/4"}],"replies":[{"embeddable":true,"href":"https:\/\/www.trancosotaipe.com\/en\/wp-json\/wp\/v2\/comments?post=226"}],"version-history":[{"count":3,"href":"https:\/\/www.trancosotaipe.com\/en\/wp-json\/wp\/v2\/posts\/226\/revisions"}],"predecessor-version":[{"id":542,"href":"https:\/\/www.trancosotaipe.com\/en\/wp-json\/wp\/v2\/posts\/226\/revisions\/542"}],"wp:featuredmedia":[{"embeddable":true,"href":"https:\/\/www.trancosotaipe.com\/en\/wp-json\/wp\/v2\/media\/426"}],"wp:attachment":[{"href":"https:\/\/www.trancosotaipe.com\/en\/wp-json\/wp\/v2\/media?parent=226"}],"wp:term":[{"taxonomy":"category","embeddable":true,"href":"https:\/\/www.trancosotaipe.com\/en\/wp-json\/wp\/v2\/categories?post=226"},{"taxonomy":"post_tag","embeddable":true,"href":"https:\/\/www.trancosotaipe.com\/en\/wp-json\/wp\/v2\/tags?post=226"}],"curies":[{"name":"wp","href":"https:\/\/api.w.org\/{rel}","templated":true}]}}