{"id":237,"date":"2026-04-27T09:00:00","date_gmt":"2026-04-27T12:00:00","guid":{"rendered":"https:\/\/www.trancosotaipe.com\/?p=237"},"modified":"2026-08-25T11:00:37","modified_gmt":"2026-08-25T14:00:37","slug":"david-bastos-arquiteto","status":"publish","type":"post","link":"https:\/\/www.trancosotaipe.com\/en\/david-bastos-arquiteto\/","title":{"rendered":"David Bastos: o arquiteto da luz e do sil\u00eancio nas \u00e1reas comuns de Ta\u00edpe"},"content":{"rendered":"<p>H\u00e1 nomes que dispensam apresenta\u00e7\u00e3o porque j\u00e1 est\u00e3o escritos na paisagem. Em Trancoso, o de <strong>David Bastos<\/strong> \u00e9 um deles. Quando se atravessa a vegeta\u00e7\u00e3o nativa e se chega ao alto das fal\u00e9sias monumentais de Ta\u00edpe, \u00e9 a sensibilidade do arquiteto, \u00e0 frente do <strong>DB Arquitetos<\/strong>, que organiza o encontro entre a arquitetura e a Mata Atl\u00e2ntica. Cabe a ele a assinatura das \u00e1reas comuns do empreendimento, do Clubhouse Fal\u00e9sia ao Lounge Fal\u00e9sia: os espa\u00e7os onde a vida coletiva acontece sem nunca interromper o di\u00e1logo com a natureza intocada ao redor.<\/p>\n<p>Falar do <strong>david bastos arquiteto<\/strong> \u00e9 falar de um modo particular de entender o alto padr\u00e3o no litoral baiano. Um alto padr\u00e3o que n\u00e3o grita, que n\u00e3o ostenta, que se revela na precis\u00e3o de uma propor\u00e7\u00e3o, na escolha de um material nobre, na maneira como a luz dourada do fim de tarde entra por uma abertura pensada para isso. \u00c9 essa autoridade, constru\u00edda obra a obra, em Trancoso e al\u00e9m, que Ta\u00edpe convidou a desenhar seus espa\u00e7os de conviv\u00eancia.<\/p>\n<h2>A vis\u00e3o do arquiteto: o refinamento que se faz discreto<\/h2>\n<p>O tra\u00e7o de David Bastos \u00e9 reconhecido por uma eleg\u00e2ncia serena. Sua arquitetura n\u00e3o busca o efeito imediato; busca o que permanece. Volumes limpos, integra\u00e7\u00e3o generosa entre o dentro e o fora, materiais que envelhecem com gra\u00e7a e conversam com o lugar. \u00c9 uma linguagem que recusa o excesso e encontra na conten\u00e7\u00e3o a sua forma mais alta de express\u00e3o.<\/p>\n<p>Em projetos de litoral, essa vis\u00e3o ganha um sentido ainda mais preciso. A casa, o clube, o lounge, nada deve competir com o horizonte. A arquitetura se faz moldura, n\u00e3o protagonista. Em Ta\u00edpe, diante de uma das praias mais exclusivas da Bahia, essa convic\u00e7\u00e3o encontra terreno f\u00e9rtil: o papel do projeto \u00e9 emoldurar a fal\u00e9sia, o mar e a Mata Atl\u00e2ntica, oferecendo ao olhar o que a paisagem j\u00e1 tem de extraordin\u00e1rio.<\/p>\n<blockquote>\n<p>&#8220;Em Ta\u00edpe, toda paisagem \u00e9 arte.&#8221; A arquitetura das \u00e1reas comuns existe para conduzir o olhar at\u00e9 ela.<\/p>\n<\/blockquote>\n<h2>As \u00e1reas comuns de Ta\u00edpe pela assinatura de David Bastos<\/h2>\n<p>As \u00e1reas comuns de Ta\u00edpe foram concebidas como uma sequ\u00eancia de experi\u00eancias sensoriais, espa\u00e7os que acolhem a vida em comunidade sem jamais comprometer a privacidade e o sil\u00eancio que definem o empreendimento. \u00c9 nessa coreografia que a assinatura de David Bastos se torna vis\u00edvel.<\/p>\n<h3>Clubhouse Fal\u00e9sia: o cora\u00e7\u00e3o da conviv\u00eancia<\/h3>\n<p>O <strong>Clubhouse Fal\u00e9sia<\/strong> \u00e9 o ponto de encontro do condom\u00ednio, e nele a arquitetura revela toda a sua amplitude. Lobby, restaurante, cozinha e bar, lounge de areia, piscina e espelhos d&#8217;\u00e1gua comp\u00f5em um conjunto pensado para o estar contemplativo. H\u00e1 ainda um universo dedicado ao bem-estar como ritual di\u00e1rio: spa, sauna seca e \u00famida, salas de massagem, lounge spa, sal\u00e3o de beleza e academia. Para as fam\u00edlias, espa\u00e7o kid, sal\u00e3o de jogos, playground e espa\u00e7o pet.<\/p>\n<p>A leitura do arquiteto se nota na maneira como esses ambientes se sucedem, sem hierarquia ruidosa, com transi\u00e7\u00f5es suaves entre os espa\u00e7os fechados e os abertos, deixando que a brisa, a luz e o som das ondas nas copas da mata atravessem a edifica\u00e7\u00e3o. Cada material foi escolhido para dialogar com o entorno: a textura que remete \u00e0 fal\u00e9sia, a madeira que reverbera a vegeta\u00e7\u00e3o nativa, a \u00e1gua que espelha o c\u00e9u.<\/p>\n<h3>Esporte Park e a infraestrutura do estar<\/h3>\n<p>Embora o repert\u00f3rio esportivo de Ta\u00edpe, quadras de beach tennis, t\u00eanis, golf driving range e piscina semiol\u00edmpica, reunidos no <strong>Esporte Park<\/strong>, componha uma camada pr\u00f3pria do projeto, \u00e9 o mesmo princ\u00edpio de integra\u00e7\u00e3o com a natureza que orienta todas as \u00e1reas comuns. O esporte, aqui, acontece em meio \u00e0 Mata Atl\u00e2ntica, n\u00e3o contra ela.<\/p>\n<p><img decoding=\"async\" alt=\"Pavilh\u00e3o de pedra integrado \u00e0 Mata Atl\u00e2ntica e \u00e0s fal\u00e9sias da Praia de Ta\u00edpe, Trancoso, Bahia, na assinatura das \u00e1reas comuns por David Bastos\" src=\"https:\/\/www.trancosotaipe.com\/cms\/wp-content\/uploads\/2026\/06\/magnific_composicao-editorial-da-c_dIy8e4TXSL.jpg\" style=\"display:block;margin:1.6rem auto;max-width:680px;width:100%;height:auto;border-radius:6px;\" \/><br \/>\n<em style=\"display:block;text-align:center;font-size:.85em;color:#666;margin:.4rem auto 1.6rem;\">Imagem ilustrativa: arquitetura de pedra que se faz moldura para a paisagem.<\/em><\/p>\n<h2>Lounge Fal\u00e9sia: o sil\u00eancio \u00e0 beira do horizonte<\/h2>\n<p>Se h\u00e1 um espa\u00e7o onde a contempla\u00e7\u00e3o se torna o programa, \u00e9 o <strong>Lounge Fal\u00e9sia<\/strong>. Tamb\u00e9m assinado por David Bastos, ele nasce da topografia: do encontro entre a edifica\u00e7\u00e3o e a borda da fal\u00e9sia, no ponto em que o terreno se abre por inteiro para o mar.<\/p>\n<p>Imagine o fim de tarde. A luz dourada baixa sobre o horizonte, o som das ondas chega abafado pela altura, e o lounge se oferece como um lugar de pausa, onde o tempo desacelera e a paisagem faz o resto. \u00c9 a tradu\u00e7\u00e3o mais pura do conceito que orienta toda Ta\u00edpe: a conten\u00e7\u00e3o, o refinamento que se mede em serenidade e n\u00e3o em ostenta\u00e7\u00e3o. O arquiteto desenha o espa\u00e7o; a fal\u00e9sia, o mar e a Mata Atl\u00e2ntica completam a obra.<\/p>\n<h2>Um di\u00e1logo com Trancoso<\/h2>\n<p>A escolha de David Bastos para Ta\u00edpe n\u00e3o \u00e9 fortuita. Trancoso tem uma gram\u00e1tica arquitet\u00f4nica pr\u00f3pria, a heran\u00e7a das casas do Quadrado, a rela\u00e7\u00e3o ancestral entre a constru\u00e7\u00e3o e a vegeta\u00e7\u00e3o, a paleta terrosa que pertence \u00e0 terra. Um arquiteto que conhece esse lugar entende que nenhum projeto de alto padr\u00e3o na regi\u00e3o pode ignorar essa cultura sem soar deslocado.<\/p>\n<p>A sensibilidade de David Bastos a essa linguagem nativa, reinterpretada com materiais nobres, linhas contempor\u00e2neas e a conten\u00e7\u00e3o que o alto padr\u00e3o verdadeiro exige, \u00e9 o que permite a Ta\u00edpe pertencer a Trancoso, e n\u00e3o apenas se instalar nela. As \u00e1reas comuns conversam com o territ\u00f3rio: respeitam a fal\u00e9sia, reverenciam a Mata Atl\u00e2ntica, honram o modo de viver que faz deste um dos ref\u00fagios mais raros da Bahia.<\/p>\n<p>Essa coer\u00eancia se estende ao conjunto de assinaturas do empreendimento. O paisagismo de Alex Hanazaki, inspirado nas fal\u00e9sias e na vegeta\u00e7\u00e3o nativa, e o Master Plan de Caio Bandeira e Tiago Martins, do Architects+Co, completam uma vis\u00e3o \u00fanica: a de uma arquitetura que se faz pela escuta do lugar.<\/p>\n<h2>Onde a arquitetura encontra a paisagem<\/h2>\n<p>H\u00e1 projetos que se imp\u00f5em \u00e0 natureza e projetos que se oferecem a ela. Sob a assinatura de David Bastos, as \u00e1reas comuns de Ta\u00edpe pertencem inteiramente \u00e0 segunda categoria. S\u00e3o espa\u00e7os que existem para revelar, a fal\u00e9sia, o mar, a luz, o sil\u00eancio, e que encontram na conten\u00e7\u00e3o a sua forma mais elevada de beleza.<\/p>\n<p>Conhecer a arquitetura de Ta\u00edpe \u00e9, antes de tudo, conhecer um modo de estar no mundo: pausado, atento, integrado. Para descobrir como essa vis\u00e3o se materializa em cada detalhe das \u00e1reas comuns, convidamos voc\u00ea a conhecer o empreendimento em <a href=\"https:\/\/www.trancosotaipe.com\/en\/\">trancosotaipe.com<\/a>.<\/p>\n<hr \/>\n<h3>Perguntas frequentes<\/h3>\n<p><strong>Quem \u00e9 David Bastos e qual seu papel em Ta\u00edpe?<\/strong><br \/>\nDavid Bastos, \u00e0 frente do escrit\u00f3rio DB Arquitetos, \u00e9 o arquiteto respons\u00e1vel pela assinatura das \u00e1reas comuns de Ta\u00edpe, incluindo o Clubhouse Fal\u00e9sia e o Lounge Fal\u00e9sia. Renomado por projetos em Trancoso, ele traduz no empreendimento uma linguagem de conten\u00e7\u00e3o integrada \u00e0 natureza.<\/p>\n<p><strong>Quais \u00e1reas comuns de Ta\u00edpe foram assinadas por David Bastos?<\/strong><br \/>\nA arquitetura das \u00e1reas comuns do empreendimento \u00e9 de David Bastos, com destaque para o Clubhouse Fal\u00e9sia, que re\u00fane restaurante, lounge de areia, piscina, spa, academia e espa\u00e7os para a fam\u00edlia, e para o Lounge Fal\u00e9sia, voltado \u00e0 contempla\u00e7\u00e3o \u00e0 beira das fal\u00e9sias.<\/p>\n<p><strong>O que caracteriza o estilo arquitet\u00f4nico de David Bastos?<\/strong><br \/>\nUma eleg\u00e2ncia serena marcada por volumes limpos, integra\u00e7\u00e3o entre interior e exterior, uso de materiais nobres e conten\u00e7\u00e3o formal. \u00c9 uma arquitetura que privilegia a perman\u00eancia e o di\u00e1logo com a paisagem, em vez do efeito imediato.<\/p>\n<p><strong>Como a arquitetura de Ta\u00edpe dialoga com Trancoso?<\/strong><br \/>\nAs \u00e1reas comuns reinterpretam a gram\u00e1tica arquitet\u00f4nica de Trancoso, a heran\u00e7a do Quadrado, a rela\u00e7\u00e3o com a vegeta\u00e7\u00e3o e a paleta terrosa, com materiais nobres e linhas contempor\u00e2neas, respeitando a fal\u00e9sia e a Mata Atl\u00e2ntica que cercam o empreendimento.<\/p>\n<p><strong>Quem s\u00e3o os demais profissionais por tr\u00e1s do projeto?<\/strong><br \/>\nAl\u00e9m de David Bastos na arquitetura das \u00e1reas comuns, Ta\u00edpe conta com o paisagismo de Alex Hanazaki e o Master Plan de Caio Bandeira e Tiago Martins, do escrit\u00f3rio Architects+Co.<\/p>\n<hr \/>\n<p><strong>Leia tamb\u00e9m:<\/strong><\/p>\n<ul>\n<li>Alex Hanazaki e o paisagismo que conversa com a Mata Atl\u00e2ntica<\/li>\n<li>O que \u00e9 um Master Plan e como a Architects+Co desenhou o Condom\u00ednio Ta\u00edpe<\/li>\n<li>Arquitetura discreta em Trancoso: a beleza que n\u00e3o se anuncia<\/li>\n<\/ul>\n<hr \/>\n<p><em>As imagens, ilustra\u00e7\u00f5es e perspectivas t\u00eam car\u00e1ter meramente ilustrativo (Lei 4591\/64, bem a ser constru\u00eddo). Mobili\u00e1rio, acabamentos e paisagismo das \u00e1reas comuns s\u00e3o refer\u00eancia e podem sofrer altera\u00e7\u00f5es. As perspectivas das \u00e1reas comuns aqui descritas representam o projeto e devem ser identificadas como ilustrativas. Dados de incorpora\u00e7\u00e3o e licen\u00e7a seguem os registros vigentes no cart\u00f3rio de Porto Seguro-BA.<\/em><\/p>","protected":false},"excerpt":{"rendered":"<p>H\u00e1 nomes que dispensam apresenta\u00e7\u00e3o porque j\u00e1 est\u00e3o escritos na paisagem. Em Trancoso, o de David Bastos \u00e9 um deles. Quando se atravessa a vegeta\u00e7\u00e3o nativa\u2026<\/p>","protected":false},"author":4,"featured_media":431,"comment_status":"open","ping_status":"open","sticky":false,"template":"","format":"standard","meta":{"_yoast_wpseo_focuskw":"david bastos arquiteto","_yoast_wpseo_metadesc":"H\u00e1 nomes que dispensam apresenta\u00e7\u00e3o porque j\u00e1 est\u00e3o escritos na paisagem. Em Trancoso, o de David Bastos \u00e9 um deles. Quando se atravessa a vegeta\u00e7\u00e3o nativa\u2026","footnotes":""},"categories":[3],"tags":[26,12,11],"class_list":["post-237","post","type-post","status-publish","format-standard","has-post-thumbnail","hentry","category-arquitetura-e-design","tag-david-bastos-arquiteto","tag-taipe","tag-trancoso"],"yoast_head":"<!-- This site is optimized with the Yoast SEO plugin v26.8 - https:\/\/yoast.com\/product\/yoast-seo-wordpress\/ -->\n<title>David Bastos: o arquiteto da luz e do sil\u00eancio nas \u00e1reas comuns de Ta\u00edpe - Ta\u00edpe<\/title>\n<meta name=\"description\" content=\"H\u00e1 nomes que dispensam apresenta\u00e7\u00e3o porque j\u00e1 est\u00e3o escritos na paisagem. Em Trancoso, o de David Bastos \u00e9 um deles. Quando se atravessa a vegeta\u00e7\u00e3o nativa\u2026\" \/>\n<meta name=\"robots\" content=\"index, follow, max-snippet:-1, max-image-preview:large, max-video-preview:-1\" \/>\n<link rel=\"canonical\" href=\"https:\/\/www.trancosotaipe.com\/en\/david-bastos-arquiteto\/\" \/>\n<meta property=\"og:locale\" content=\"en_US\" \/>\n<meta property=\"og:type\" content=\"article\" \/>\n<meta property=\"og:title\" content=\"David Bastos: o arquiteto da luz e do sil\u00eancio nas \u00e1reas comuns de Ta\u00edpe - Ta\u00edpe\" \/>\n<meta property=\"og:description\" content=\"H\u00e1 nomes que dispensam apresenta\u00e7\u00e3o porque j\u00e1 est\u00e3o escritos na paisagem. Em Trancoso, o de David Bastos \u00e9 um deles. Quando se atravessa a vegeta\u00e7\u00e3o nativa\u2026\" \/>\n<meta property=\"og:url\" content=\"https:\/\/www.trancosotaipe.com\/en\/david-bastos-arquiteto\/\" \/>\n<meta property=\"og:site_name\" content=\"Ta\u00edpe\" \/>\n<meta property=\"article:publisher\" content=\"https:\/\/www.instagram.com\/taipetrancoso\/\" \/>\n<meta property=\"article:published_time\" content=\"2026-04-27T12:00:00+00:00\" \/>\n<meta property=\"article:modified_time\" content=\"2026-08-25T14:00:37+00:00\" \/>\n<meta property=\"og:image\" content=\"https:\/\/www.trancosotaipe.com\/cms\/wp-content\/uploads\/2026\/06\/hero-14-2.webp\" \/>\n\t<meta property=\"og:image:width\" content=\"1440\" \/>\n\t<meta property=\"og:image:height\" content=\"810\" \/>\n\t<meta property=\"og:image:type\" content=\"image\/webp\" \/>\n<meta name=\"author\" content=\"Ta\u00edpe\" \/>\n<meta name=\"twitter:card\" content=\"summary_large_image\" \/>\n<meta name=\"twitter:label1\" content=\"Written by\" \/>\n\t<meta name=\"twitter:data1\" content=\"Ta\u00edpe\" \/>\n\t<meta name=\"twitter:label2\" content=\"Est. reading time\" \/>\n\t<meta name=\"twitter:data2\" content=\"8 minutes\" \/>\n<script type=\"application\/ld+json\" class=\"yoast-schema-graph\">{\"@context\":\"https:\/\/schema.org\",\"@graph\":[{\"@type\":\"Article\",\"@id\":\"https:\/\/www.trancosotaipe.com\/david-bastos-arquiteto\/#article\",\"isPartOf\":{\"@id\":\"https:\/\/www.trancosotaipe.com\/david-bastos-arquiteto\/\"},\"author\":{\"name\":\"Ta\u00edpe\",\"@id\":\"https:\/\/www.trancosotaipe.com\/#\/schema\/person\/c0c2900bf8502790ebf104dbf5ca0cae\"},\"headline\":\"David Bastos: o arquiteto da luz e do sil\u00eancio nas \u00e1reas comuns de Ta\u00edpe\",\"datePublished\":\"2026-04-27T12:00:00+00:00\",\"dateModified\":\"2026-08-25T14:00:37+00:00\",\"mainEntityOfPage\":{\"@id\":\"https:\/\/www.trancosotaipe.com\/david-bastos-arquiteto\/\"},\"wordCount\":1525,\"commentCount\":0,\"publisher\":{\"@id\":\"https:\/\/www.trancosotaipe.com\/#organization\"},\"image\":{\"@id\":\"https:\/\/www.trancosotaipe.com\/david-bastos-arquiteto\/#primaryimage\"},\"thumbnailUrl\":\"https:\/\/www.trancosotaipe.com\/cms\/wp-content\/uploads\/2026\/06\/hero-14-2.webp\",\"keywords\":[\"david bastos arquiteto\",\"Ta\u00edpe\",\"Trancoso\"],\"articleSection\":[\"Arquitetura e Design\"],\"inLanguage\":\"en-US\",\"potentialAction\":[{\"@type\":\"CommentAction\",\"name\":\"Comment\",\"target\":[\"https:\/\/www.trancosotaipe.com\/david-bastos-arquiteto\/#respond\"]}]},{\"@type\":\"WebPage\",\"@id\":\"https:\/\/www.trancosotaipe.com\/david-bastos-arquiteto\/\",\"url\":\"https:\/\/www.trancosotaipe.com\/david-bastos-arquiteto\/\",\"name\":\"David Bastos: o arquiteto da luz e do sil\u00eancio nas \u00e1reas comuns de Ta\u00edpe - Ta\u00edpe\",\"isPartOf\":{\"@id\":\"https:\/\/www.trancosotaipe.com\/#website\"},\"primaryImageOfPage\":{\"@id\":\"https:\/\/www.trancosotaipe.com\/david-bastos-arquiteto\/#primaryimage\"},\"image\":{\"@id\":\"https:\/\/www.trancosotaipe.com\/david-bastos-arquiteto\/#primaryimage\"},\"thumbnailUrl\":\"https:\/\/www.trancosotaipe.com\/cms\/wp-content\/uploads\/2026\/06\/hero-14-2.webp\",\"datePublished\":\"2026-04-27T12:00:00+00:00\",\"dateModified\":\"2026-08-25T14:00:37+00:00\",\"description\":\"H\u00e1 nomes que dispensam apresenta\u00e7\u00e3o porque j\u00e1 est\u00e3o escritos na paisagem. Em Trancoso, o de David Bastos \u00e9 um deles. Quando se atravessa a vegeta\u00e7\u00e3o nativa\u2026\",\"breadcrumb\":{\"@id\":\"https:\/\/www.trancosotaipe.com\/david-bastos-arquiteto\/#breadcrumb\"},\"inLanguage\":\"en-US\",\"potentialAction\":[{\"@type\":\"ReadAction\",\"target\":[\"https:\/\/www.trancosotaipe.com\/david-bastos-arquiteto\/\"]}]},{\"@type\":\"ImageObject\",\"inLanguage\":\"en-US\",\"@id\":\"https:\/\/www.trancosotaipe.com\/david-bastos-arquiteto\/#primaryimage\",\"url\":\"https:\/\/www.trancosotaipe.com\/cms\/wp-content\/uploads\/2026\/06\/hero-14-2.webp\",\"contentUrl\":\"https:\/\/www.trancosotaipe.com\/cms\/wp-content\/uploads\/2026\/06\/hero-14-2.webp\",\"width\":1440,\"height\":810,\"caption\":\"Arquitetura das \u00e1reas comuns de Ta\u00edpe, em Trancoso, Bahia\"},{\"@type\":\"BreadcrumbList\",\"@id\":\"https:\/\/www.trancosotaipe.com\/david-bastos-arquiteto\/#breadcrumb\",\"itemListElement\":[{\"@type\":\"ListItem\",\"position\":1,\"name\":\"In\u00edcio\",\"item\":\"https:\/\/www.trancosotaipe.com\/\"},{\"@type\":\"ListItem\",\"position\":2,\"name\":\"David Bastos: o arquiteto da luz e do sil\u00eancio nas \u00e1reas comuns de Ta\u00edpe\"}]},{\"@type\":\"WebSite\",\"@id\":\"https:\/\/www.trancosotaipe.com\/#website\",\"url\":\"https:\/\/www.trancosotaipe.com\/\",\"name\":\"Ta\u00edpe Trancoso\",\"description\":\"Portal oficial do empreendimento Ta\u00edpe Trancoso, oferecendo informa\u00e7\u00f5es sobre vilas residenciais de alto padr\u00e3o na Bahia.\",\"publisher\":{\"@id\":\"https:\/\/www.trancosotaipe.com\/#organization\"},\"alternateName\":\"Ta\u00edpe\",\"potentialAction\":[{\"@type\":\"SearchAction\",\"target\":{\"@type\":\"EntryPoint\",\"urlTemplate\":\"https:\/\/www.trancosotaipe.com\/?s={search_term_string}\"},\"query-input\":{\"@type\":\"PropertyValueSpecification\",\"valueRequired\":true,\"valueName\":\"search_term_string\"}}],\"inLanguage\":\"en-US\"},{\"@type\":\"Organization\",\"@id\":\"https:\/\/www.trancosotaipe.com\/#organization\",\"name\":\"Ta\u00edpe Trancoso\",\"alternateName\":\"Ta\u00edpe\",\"url\":\"https:\/\/www.trancosotaipe.com\/\",\"logo\":{\"@type\":\"ImageObject\",\"inLanguage\":\"en-US\",\"@id\":\"https:\/\/www.trancosotaipe.com\/#\/schema\/logo\/image\/\",\"url\":\"https:\/\/www.trancosotaipe.com\/cms\/wp-content\/uploads\/2026\/01\/taipe-trancoso-bahia.webp\",\"contentUrl\":\"https:\/\/www.trancosotaipe.com\/cms\/wp-content\/uploads\/2026\/01\/taipe-trancoso-bahia.webp\",\"width\":1200,\"height\":675,\"caption\":\"Ta\u00edpe Trancoso\"},\"image\":{\"@id\":\"https:\/\/www.trancosotaipe.com\/#\/schema\/logo\/image\/\"},\"sameAs\":[\"https:\/\/www.instagram.com\/taipetrancoso\/\"]},{\"@type\":\"Person\",\"@id\":\"https:\/\/www.trancosotaipe.com\/#\/schema\/person\/c0c2900bf8502790ebf104dbf5ca0cae\",\"name\":\"Ta\u00edpe\",\"image\":{\"@type\":\"ImageObject\",\"inLanguage\":\"en-US\",\"@id\":\"https:\/\/www.trancosotaipe.com\/#\/schema\/person\/image\/\",\"url\":\"https:\/\/secure.gravatar.com\/avatar\/28f5e082e790ad6550398397824df12dbb20fb60934bbd397c8dc1425ba4c9f6?s=96&d=mm&r=g\",\"contentUrl\":\"https:\/\/secure.gravatar.com\/avatar\/28f5e082e790ad6550398397824df12dbb20fb60934bbd397c8dc1425ba4c9f6?s=96&d=mm&r=g\",\"caption\":\"Ta\u00edpe\"},\"description\":\"Conte\u00fado produzido pela equipe editorial de Ta\u00edpe, empreendimento residencial de alto padr\u00e3o do Grupo Enseada Realty na Praia de Ta\u00edpe, em Trancoso, Bahia. Textos sobre a regi\u00e3o, sua geografia, cultura e modo de vida, com informa\u00e7\u00f5es verificadas em fontes oficiais.\",\"sameAs\":[\"https:\/\/www.trancosotaipe.com\/\"],\"url\":\"https:\/\/www.trancosotaipe.com\/en\/author\/seo-nucleo\/\"}]}<\/script>\n<!-- \/ Yoast SEO plugin. -->","yoast_head_json":{"title":"David Bastos: o arquiteto da luz e do sil\u00eancio nas \u00e1reas comuns de Ta\u00edpe - Ta\u00edpe","description":"H\u00e1 nomes que dispensam apresenta\u00e7\u00e3o porque j\u00e1 est\u00e3o escritos na paisagem. Em Trancoso, o de David Bastos \u00e9 um deles. Quando se atravessa a vegeta\u00e7\u00e3o nativa\u2026","robots":{"index":"index","follow":"follow","max-snippet":"max-snippet:-1","max-image-preview":"max-image-preview:large","max-video-preview":"max-video-preview:-1"},"canonical":"https:\/\/www.trancosotaipe.com\/en\/david-bastos-arquiteto\/","og_locale":"en_US","og_type":"article","og_title":"David Bastos: o arquiteto da luz e do sil\u00eancio nas \u00e1reas comuns de Ta\u00edpe - Ta\u00edpe","og_description":"H\u00e1 nomes que dispensam apresenta\u00e7\u00e3o porque j\u00e1 est\u00e3o escritos na paisagem. Em Trancoso, o de David Bastos \u00e9 um deles. Quando se atravessa a vegeta\u00e7\u00e3o nativa\u2026","og_url":"https:\/\/www.trancosotaipe.com\/en\/david-bastos-arquiteto\/","og_site_name":"Ta\u00edpe","article_publisher":"https:\/\/www.instagram.com\/taipetrancoso\/","article_published_time":"2026-04-27T12:00:00+00:00","article_modified_time":"2026-08-25T14:00:37+00:00","og_image":[{"width":1440,"height":810,"url":"https:\/\/www.trancosotaipe.com\/cms\/wp-content\/uploads\/2026\/06\/hero-14-2.webp","type":"image\/webp"}],"author":"Ta\u00edpe","twitter_card":"summary_large_image","twitter_misc":{"Written by":"Ta\u00edpe","Est. reading time":"8 minutes"},"schema":{"@context":"https:\/\/schema.org","@graph":[{"@type":"Article","@id":"https:\/\/www.trancosotaipe.com\/david-bastos-arquiteto\/#article","isPartOf":{"@id":"https:\/\/www.trancosotaipe.com\/david-bastos-arquiteto\/"},"author":{"name":"Ta\u00edpe","@id":"https:\/\/www.trancosotaipe.com\/#\/schema\/person\/c0c2900bf8502790ebf104dbf5ca0cae"},"headline":"David Bastos: o arquiteto da luz e do sil\u00eancio nas \u00e1reas comuns de Ta\u00edpe","datePublished":"2026-04-27T12:00:00+00:00","dateModified":"2026-08-25T14:00:37+00:00","mainEntityOfPage":{"@id":"https:\/\/www.trancosotaipe.com\/david-bastos-arquiteto\/"},"wordCount":1525,"commentCount":0,"publisher":{"@id":"https:\/\/www.trancosotaipe.com\/#organization"},"image":{"@id":"https:\/\/www.trancosotaipe.com\/david-bastos-arquiteto\/#primaryimage"},"thumbnailUrl":"https:\/\/www.trancosotaipe.com\/cms\/wp-content\/uploads\/2026\/06\/hero-14-2.webp","keywords":["david bastos arquiteto","Ta\u00edpe","Trancoso"],"articleSection":["Arquitetura e Design"],"inLanguage":"en-US","potentialAction":[{"@type":"CommentAction","name":"Comment","target":["https:\/\/www.trancosotaipe.com\/david-bastos-arquiteto\/#respond"]}]},{"@type":"WebPage","@id":"https:\/\/www.trancosotaipe.com\/david-bastos-arquiteto\/","url":"https:\/\/www.trancosotaipe.com\/david-bastos-arquiteto\/","name":"David Bastos: o arquiteto da luz e do sil\u00eancio nas \u00e1reas comuns de Ta\u00edpe - Ta\u00edpe","isPartOf":{"@id":"https:\/\/www.trancosotaipe.com\/#website"},"primaryImageOfPage":{"@id":"https:\/\/www.trancosotaipe.com\/david-bastos-arquiteto\/#primaryimage"},"image":{"@id":"https:\/\/www.trancosotaipe.com\/david-bastos-arquiteto\/#primaryimage"},"thumbnailUrl":"https:\/\/www.trancosotaipe.com\/cms\/wp-content\/uploads\/2026\/06\/hero-14-2.webp","datePublished":"2026-04-27T12:00:00+00:00","dateModified":"2026-08-25T14:00:37+00:00","description":"H\u00e1 nomes que dispensam apresenta\u00e7\u00e3o porque j\u00e1 est\u00e3o escritos na paisagem. Em Trancoso, o de David Bastos \u00e9 um deles. Quando se atravessa a vegeta\u00e7\u00e3o nativa\u2026","breadcrumb":{"@id":"https:\/\/www.trancosotaipe.com\/david-bastos-arquiteto\/#breadcrumb"},"inLanguage":"en-US","potentialAction":[{"@type":"ReadAction","target":["https:\/\/www.trancosotaipe.com\/david-bastos-arquiteto\/"]}]},{"@type":"ImageObject","inLanguage":"en-US","@id":"https:\/\/www.trancosotaipe.com\/david-bastos-arquiteto\/#primaryimage","url":"https:\/\/www.trancosotaipe.com\/cms\/wp-content\/uploads\/2026\/06\/hero-14-2.webp","contentUrl":"https:\/\/www.trancosotaipe.com\/cms\/wp-content\/uploads\/2026\/06\/hero-14-2.webp","width":1440,"height":810,"caption":"Arquitetura das \u00e1reas comuns de Ta\u00edpe, em Trancoso, Bahia"},{"@type":"BreadcrumbList","@id":"https:\/\/www.trancosotaipe.com\/david-bastos-arquiteto\/#breadcrumb","itemListElement":[{"@type":"ListItem","position":1,"name":"In\u00edcio","item":"https:\/\/www.trancosotaipe.com\/"},{"@type":"ListItem","position":2,"name":"David Bastos: o arquiteto da luz e do sil\u00eancio nas \u00e1reas comuns de Ta\u00edpe"}]},{"@type":"WebSite","@id":"https:\/\/www.trancosotaipe.com\/#website","url":"https:\/\/www.trancosotaipe.com\/","name":"Ta\u00edpe Trancoso","description":"Portal oficial do empreendimento Ta\u00edpe Trancoso, oferecendo informa\u00e7\u00f5es sobre vilas residenciais de alto padr\u00e3o na Bahia.","publisher":{"@id":"https:\/\/www.trancosotaipe.com\/#organization"},"alternateName":"Ta\u00edpe","potentialAction":[{"@type":"SearchAction","target":{"@type":"EntryPoint","urlTemplate":"https:\/\/www.trancosotaipe.com\/?s={search_term_string}"},"query-input":{"@type":"PropertyValueSpecification","valueRequired":true,"valueName":"search_term_string"}}],"inLanguage":"en-US"},{"@type":"Organization","@id":"https:\/\/www.trancosotaipe.com\/#organization","name":"Ta\u00edpe Trancoso","alternateName":"Ta\u00edpe","url":"https:\/\/www.trancosotaipe.com\/","logo":{"@type":"ImageObject","inLanguage":"en-US","@id":"https:\/\/www.trancosotaipe.com\/#\/schema\/logo\/image\/","url":"https:\/\/www.trancosotaipe.com\/cms\/wp-content\/uploads\/2026\/01\/taipe-trancoso-bahia.webp","contentUrl":"https:\/\/www.trancosotaipe.com\/cms\/wp-content\/uploads\/2026\/01\/taipe-trancoso-bahia.webp","width":1200,"height":675,"caption":"Ta\u00edpe Trancoso"},"image":{"@id":"https:\/\/www.trancosotaipe.com\/#\/schema\/logo\/image\/"},"sameAs":["https:\/\/www.instagram.com\/taipetrancoso\/"]},{"@type":"Person","@id":"https:\/\/www.trancosotaipe.com\/#\/schema\/person\/c0c2900bf8502790ebf104dbf5ca0cae","name":"Ta\u00edpe","image":{"@type":"ImageObject","inLanguage":"en-US","@id":"https:\/\/www.trancosotaipe.com\/#\/schema\/person\/image\/","url":"https:\/\/secure.gravatar.com\/avatar\/28f5e082e790ad6550398397824df12dbb20fb60934bbd397c8dc1425ba4c9f6?s=96&d=mm&r=g","contentUrl":"https:\/\/secure.gravatar.com\/avatar\/28f5e082e790ad6550398397824df12dbb20fb60934bbd397c8dc1425ba4c9f6?s=96&d=mm&r=g","caption":"Ta\u00edpe"},"description":"Conte\u00fado produzido pela equipe editorial de Ta\u00edpe, empreendimento residencial de alto padr\u00e3o do Grupo Enseada Realty na Praia de Ta\u00edpe, em Trancoso, Bahia. Textos sobre a regi\u00e3o, sua geografia, cultura e modo de vida, com informa\u00e7\u00f5es verificadas em fontes oficiais.","sameAs":["https:\/\/www.trancosotaipe.com\/"],"url":"https:\/\/www.trancosotaipe.com\/en\/author\/seo-nucleo\/"}]}},"_links":{"self":[{"href":"https:\/\/www.trancosotaipe.com\/en\/wp-json\/wp\/v2\/posts\/237","targetHints":{"allow":["GET"]}}],"collection":[{"href":"https:\/\/www.trancosotaipe.com\/en\/wp-json\/wp\/v2\/posts"}],"about":[{"href":"https:\/\/www.trancosotaipe.com\/en\/wp-json\/wp\/v2\/types\/post"}],"author":[{"embeddable":true,"href":"https:\/\/www.trancosotaipe.com\/en\/wp-json\/wp\/v2\/users\/4"}],"replies":[{"embeddable":true,"href":"https:\/\/www.trancosotaipe.com\/en\/wp-json\/wp\/v2\/comments?post=237"}],"version-history":[{"count":3,"href":"https:\/\/www.trancosotaipe.com\/en\/wp-json\/wp\/v2\/posts\/237\/revisions"}],"predecessor-version":[{"id":547,"href":"https:\/\/www.trancosotaipe.com\/en\/wp-json\/wp\/v2\/posts\/237\/revisions\/547"}],"wp:featuredmedia":[{"embeddable":true,"href":"https:\/\/www.trancosotaipe.com\/en\/wp-json\/wp\/v2\/media\/431"}],"wp:attachment":[{"href":"https:\/\/www.trancosotaipe.com\/en\/wp-json\/wp\/v2\/media?parent=237"}],"wp:term":[{"taxonomy":"category","embeddable":true,"href":"https:\/\/www.trancosotaipe.com\/en\/wp-json\/wp\/v2\/categories?post=237"},{"taxonomy":"post_tag","embeddable":true,"href":"https:\/\/www.trancosotaipe.com\/en\/wp-json\/wp\/v2\/tags?post=237"}],"curies":[{"name":"wp","href":"https:\/\/api.w.org\/{rel}","templated":true}]}}