{"id":250,"date":"2026-05-04T09:00:00","date_gmt":"2026-05-04T12:00:00","guid":{"rendered":"https:\/\/www.trancosotaipe.com\/?p=250"},"modified":"2026-08-25T11:00:38","modified_gmt":"2026-08-25T14:00:38","slug":"design-biofilico-bem-estar","status":"publish","type":"post","link":"https:\/\/www.trancosotaipe.com\/en\/design-biofilico-bem-estar\/","title":{"rendered":"Design biof\u00edlico: quando a casa respira no mesmo ritmo da Mata Atl\u00e2ntica"},"content":{"rendered":"<p>H\u00e1 um instante, ao fim da tarde em Ta\u00edpe, em que a luz dourada atravessa as copas e desenha sombras m\u00f3veis sobre o ch\u00e3o. O ar muda de temperatura, o som das ondas chega filtrado pela mata e algo no corpo se acalma, sem que se saiba exatamente por qu\u00ea. Esse bem-estar discreto, quase impercept\u00edvel, tem nome e tem ci\u00eancia. Chama-se <strong>design biof\u00edlico<\/strong>: a arquitetura pensada para nos manter pr\u00f3ximos da natureza, porque \u00e9 dela que viemos e \u00e9 a ela que o corpo responde.<\/p>\n<p>Neste artigo, percorremos o que \u00e9 o design biof\u00edlico, seus princ\u00edpios fundamentais, como a luz, a ventila\u00e7\u00e3o e a vegeta\u00e7\u00e3o atuam sobre o bem-estar, e de que forma essa filosofia se traduz num ref\u00fagio sobre as fal\u00e9sias de Trancoso.<\/p>\n<h2>O que \u00e9 design biof\u00edlico<\/h2>\n<p>A palavra une <em>bios<\/em> (vida) e <em>philia<\/em> (amor, afinidade). O design biof\u00edlico parte de uma premissa simples e profunda: o ser humano evoluiu em meio \u00e0 natureza e mant\u00e9m, ainda hoje, uma necessidade inata de contato com ela. Traz\u00ea-la para dentro dos espa\u00e7os que habitamos, n\u00e3o como ornamento, mas como princ\u00edpio estruturante, \u00e9 a ess\u00eancia dessa abordagem.<\/p>\n<p>N\u00e3o se trata de colocar plantas num vaso ou de abrir uma janela maior. Trata-se de projetar a rela\u00e7\u00e3o entre o constru\u00eddo e o vivo: como a luz entra, por onde o vento atravessa, o que se v\u00ea ao olhar para fora, quais materiais tocam a pele, que sons preenchem o ambiente. O design biof\u00edlico \u00e9, no fundo, uma forma de hospitalidade, a casa que recebe a natureza como quem recebe um velho conhecido.<\/p>\n<p><img decoding=\"async\" alt=\"Closeup cinematogr\u00e1fico de interior integrado \u00e0 luz natural e \u00e0 vegeta\u00e7\u00e3o, refletindo os princ\u00edpios biof\u00edlicos em ref\u00fagio na Praia de Ta\u00edpe, Trancoso, Bahia\" src=\"https:\/\/www.trancosotaipe.com\/cms\/wp-content\/uploads\/2026\/06\/magnific_closeup-cinematic-shot-mi_jSXSwyXLD0.jpg\" style=\"display:block;margin:1.6rem auto;max-width:680px;width:100%;height:auto;border-radius:6px;\" \/><br \/>\n<em style=\"display:block;text-align:center;font-size:.85em;color:#666;margin:.4rem auto 1.6rem;\">Imagem ilustrativa.<\/em><\/p>\n<h2>Os princ\u00edpios da biofilia na arquitetura<\/h2>\n<p>Embora cada projeto encontre seu pr\u00f3prio caminho, h\u00e1 padr\u00f5es que se repetem em quase toda arquitetura biof\u00edlica. Vale conhec\u00ea-los para reconhecer o que torna um ambiente naturalmente acolhedor.<\/p>\n<h3>Conex\u00e3o visual e material com a natureza<\/h3>\n<p>O primeiro princ\u00edpio \u00e9 o mais evidente: ver e tocar o natural. Vistas para a vegeta\u00e7\u00e3o, para a \u00e1gua ou para o horizonte; o uso de madeira, pedra, fibras e texturas que carregam a mem\u00f3ria da terra. S\u00e3o elementos que o olhar reconhece e diante dos quais o corpo relaxa.<\/p>\n<h3>Luz natural e os ritmos do dia<\/h3>\n<p>A biofilia trabalha com a luz como mat\u00e9ria viva. Em vez de ilumina\u00e7\u00e3o uniforme e constante, busca a luz que varia, a do amanhecer, a do meio-dia, a dourada do entardecer. Essa varia\u00e7\u00e3o reconecta o organismo aos seus ciclos naturais, ao ritmo das horas e das esta\u00e7\u00f5es.<\/p>\n<h3>Presen\u00e7a da \u00e1gua e do ar em movimento<\/h3>\n<p>O som de um espelho d&#8217;\u00e1gua, a brisa que atravessa um ambiente, a sensa\u00e7\u00e3o t\u00e9rmica que muda ao longo do dia. O design biof\u00edlico evita o ambiente herm\u00e9tico e previs\u00edvel; prefere o que respira, o que se move, o que tem temperatura e textura pr\u00f3prias.<\/p>\n<h3>Ref\u00fagio, perspectiva e mist\u00e9rio<\/h3>\n<p>H\u00e1 tamb\u00e9m princ\u00edpios mais sutis, ligados \u00e0 forma como nos sentimos seguros num espa\u00e7o: o abrigo que protege sem isolar, a vista ampla que oferece perspectiva, o caminho que insinua algo adiante e convida a descobrir. S\u00e3o qualidades que a Mata Atl\u00e2ntica oferece naturalmente, e que a boa arquitetura sabe emoldurar.<\/p>\n<h2>Luz, ventila\u00e7\u00e3o e vegeta\u00e7\u00e3o: como atuam sobre o bem-estar<\/h2>\n<p>Se os princ\u00edpios soam intuitivos, seus efeitos s\u00e3o concretos. A luz natural, ao reger nossos ritmos internos, influencia o sono, a disposi\u00e7\u00e3o e o humor, da\u00ed a sensa\u00e7\u00e3o de leveza ao despertar num quarto banhado pela primeira claridade do dia. A ventila\u00e7\u00e3o cruzada, que dispensa o ar condicionado durante boa parte do tempo, mant\u00e9m o ambiente fresco e em di\u00e1logo com o exterior, devolvendo ao corpo os aromas e a umidade da mata.<\/p>\n<p>A vegeta\u00e7\u00e3o, por sua vez, faz mais do que adornar. A simples presen\u00e7a do verde no campo de vis\u00e3o tem efeito sobre o estado mental: convida ao descanso, abranda o ritmo, devolve a aten\u00e7\u00e3o a quem a havia perdido em meio \u00e0 pressa. N\u00e3o por acaso, caminhar entre \u00e1rvores h\u00e1 muito \u00e9 reconhecido como gesto restaurador. O design biof\u00edlico apenas reconhece o \u00f3bvio que a vida moderna fez esquecer: estar perto da natureza nos faz bem.<\/p>\n<p><img decoding=\"async\" alt=\"Cena de bem-estar ao ar livre imersa na vegeta\u00e7\u00e3o nativa da Mata Atl\u00e2ntica, no alto das fal\u00e9sias da Praia de Ta\u00edpe, Trancoso, Bahia\" src=\"https:\/\/www.trancosotaipe.com\/cms\/wp-content\/uploads\/2026\/06\/magnific_lifestyle-photograph-insp_rlelfERxtc.jpg\" style=\"display:block;margin:1.6rem auto;max-width:680px;width:100%;height:auto;border-radius:6px;\" \/><br \/>\n<em style=\"display:block;text-align:center;font-size:.85em;color:#666;margin:.4rem auto 1.6rem;\">Imagem ilustrativa.<\/em><\/p>\n<h2>Como Ta\u00edpe traduz o design biof\u00edlico em Trancoso<\/h2>\n<p>Em Ta\u00edpe, o design biof\u00edlico n\u00e3o \u00e9 um conceito aplicado sobre a paisagem, \u00e9 a paisagem que conduz o projeto. O empreendimento est\u00e1 inserido num terreno de mais de 3 milh\u00f5es de m\u00b2, em meio \u00e0 Mata Atl\u00e2ntica nativa, posicionado no alto de fal\u00e9sias monumentais diante de uma das praias mais exclusivas da Bahia. A premissa, desde a primeira linha do projeto, foi preservar para integrar.<\/p>\n<h3>A Mata Atl\u00e2ntica como protagonista<\/h3>\n<p>Aqui, a natureza n\u00e3o foi convidada depois: ela j\u00e1 estava, intocada, e o desenho do lugar nasceu para reverenci\u00e1-la. Trilhas ecol\u00f3gicas preexistentes foram mantidas, e a infraestrutura, com redes subterr\u00e2neas de \u00e1gua, energia, dados e g\u00e1s, foi pensada para que a vegeta\u00e7\u00e3o nativa permane\u00e7a em primeiro plano, sem fios ou estruturas a interromper o horizonte. Os lotes acompanham o relevo: alguns voltados para o mar permanente, outros debru\u00e7ados sobre vales verdes, cada um emoldurando uma vista distinta da mesma mata.<\/p>\n<p><img decoding=\"async\" alt=\"Detalhe macro da vegeta\u00e7\u00e3o nativa e das texturas naturais que comp\u00f5em o paisagismo da Praia de Ta\u00edpe, Trancoso, Bahia\" src=\"https:\/\/www.trancosotaipe.com\/cms\/wp-content\/uploads\/2026\/06\/magnific_macro-detail-photograph-i_CHGHdMGEEy.jpg\" style=\"display:block;margin:1.6rem auto;max-width:680px;width:100%;height:auto;border-radius:6px;\" \/><br \/>\n<em style=\"display:block;text-align:center;font-size:.85em;color:#666;margin:.4rem auto 1.6rem;\">Imagem ilustrativa.<\/em><\/p>\n<h3>O paisagismo de Alex Hanazaki<\/h3>\n<p>O paisagismo \u00e9 assinado por Alex Hanazaki, inspirado nas fal\u00e9sias, no horizonte do mar e na vegeta\u00e7\u00e3o nativa. \u00c9 um paisagismo que conversa com a Mata Atl\u00e2ntica em vez de competir com ela, que prolonga o que j\u00e1 existe, em vez de impor um jardim estrangeiro. Nas m\u00e3os de Hanazaki, o verde n\u00e3o \u00e9 cen\u00e1rio: \u00e9 continuidade entre o constru\u00eddo e o selvagem, exatamente o que o design biof\u00edlico persegue.<\/p>\n<h3>Acesso ao mar pelo relevo, com o The Lift<\/h3>\n<p>A integra\u00e7\u00e3o com a natureza tamb\u00e9m est\u00e1 no modo de chegar \u00e0 praia. O The Lift, dois elevadores exclusivos integrados ao relevo das fal\u00e9sias, somados a um caminho e deck elevado, permite descer ao mar sem ferir a encosta, atravessando a paisagem em vez de cort\u00e1-la. \u00c9 a arquitetura cedendo passagem \u00e0 topografia, e n\u00e3o o contr\u00e1rio.<\/p>\n<h3>Bem-estar como ritual di\u00e1rio<\/h3>\n<p>A filosofia biof\u00edlica encontra seu desfecho natural no wellness. No Clubhouse Fal\u00e9sia, o cuidado com o corpo ganha espa\u00e7os dedicados, spa, sauna seca e \u00famida, salas de massagem, lounge spa, academia, e o desenho das \u00e1reas de descanso, com piscina, espelhos d&#8217;\u00e1gua e lounge de areia, prolonga a sensa\u00e7\u00e3o de estar imerso na paisagem. O bem-estar, em Ta\u00edpe, n\u00e3o \u00e9 um servi\u00e7o pontual: \u00e9 o ritmo do lugar, sustentado pela luz, pela brisa e pelo verde que cercam cada dia.<\/p>\n<h2>Habitar com a natureza, n\u00e3o apenas diante dela<\/h2>\n<p>O design biof\u00edlico nos lembra de algo que sab\u00edamos antes de esquecer: a natureza n\u00e3o \u00e9 paisagem a ser observada da janela, mas presen\u00e7a a ser vivida. Em Ta\u00edpe, projetar com a Mata Atl\u00e2ntica em vez de sobre ela \u00e9 o que permite que cada amanhecer chegue com a luz certa, cada brisa traga o aroma da mata e cada fim de tarde devolva o sil\u00eancio que faz o corpo desacelerar.<\/p>\n<p>Habitar dessa forma \u00e9, talvez, a defini\u00e7\u00e3o mais \u00edntima de bem-estar: o privil\u00e9gio medido pela qualidade do tempo, e n\u00e3o pelo que se exibe.<\/p>\n<p>Para conhecer como a arquitetura e o paisagismo de Ta\u00edpe foram pensados em di\u00e1logo com a natureza preservada de Trancoso, visite <a href=\"https:\/\/www.trancosotaipe.com\/en\/\">trancosotaipe.com<\/a>.<\/p>\n<hr \/>\n<h2>Perguntas frequentes<\/h2>\n<p><strong>O que \u00e9 design biof\u00edlico?<\/strong><br \/>\n\u00c9 uma abordagem de arquitetura e design que aproxima as pessoas da natureza dentro dos espa\u00e7os que habitam. Parte da ideia de que temos uma afinidade inata pelo natural e projeta luz, ventila\u00e7\u00e3o, vegeta\u00e7\u00e3o, vistas e materiais de modo a fortalecer essa conex\u00e3o, promovendo bem-estar.<\/p>\n<p><strong>Qual a diferen\u00e7a entre design biof\u00edlico e ter plantas em casa?<\/strong><br \/>\nTer plantas \u00e9 um gesto pontual; o design biof\u00edlico \u00e9 um princ\u00edpio estruturante. Ele organiza a rela\u00e7\u00e3o inteira entre o constru\u00eddo e o vivo, como a luz entra, por onde o ar circula, o que se v\u00ea ao olhar para fora, quais texturas tocam a pele, em vez de adicionar elementos naturais como mero ornamento.<\/p>\n<p><strong>Quais os benef\u00edcios do design biof\u00edlico para o bem-estar?<\/strong><br \/>\nA presen\u00e7a de luz natural, ventila\u00e7\u00e3o e vegeta\u00e7\u00e3o tende a favorecer o descanso, a disposi\u00e7\u00e3o e a sensa\u00e7\u00e3o geral de calma. Estar pr\u00f3ximo da natureza ajuda a desacelerar o ritmo e a restaurar a aten\u00e7\u00e3o, devolvendo ao cotidiano uma qualidade mais serena.<\/p>\n<p><strong>Como Ta\u00edpe aplica o design biof\u00edlico?<\/strong><br \/>\nTa\u00edpe est\u00e1 inserido em um terreno de mais de 3 milh\u00f5es de m\u00b2, em meio \u00e0 Mata Atl\u00e2ntica nativa, com trilhas ecol\u00f3gicas mantidas e infraestrutura subterr\u00e2nea para preservar a vista da vegeta\u00e7\u00e3o. O paisagismo de Alex Hanazaki dialoga com as fal\u00e9sias e a mata nativa, o The Lift integra o acesso \u00e0 praia ao relevo, e o Clubhouse Fal\u00e9sia re\u00fane espa\u00e7os de wellness que prolongam a imers\u00e3o na paisagem.<\/p>\n<p><strong>Design biof\u00edlico tem rela\u00e7\u00e3o com sustentabilidade?<\/strong><br \/>\nSim. Ao valorizar a vegeta\u00e7\u00e3o nativa, a ventila\u00e7\u00e3o natural e a integra\u00e7\u00e3o com o ecossistema existente, o design biof\u00edlico costuma caminhar junto com escolhas mais sustent\u00e1veis, preservando o que j\u00e1 existe em vez de substitu\u00ed-lo.<\/p>\n<hr \/>\n<h2>Leia tamb\u00e9m<\/h2>\n<ul>\n<li><strong>Alex Hanazaki e o paisagismo que conversa com a Mata Atl\u00e2ntica<\/strong><\/li>\n<li><strong>Bem-estar como ritual di\u00e1rio: o conceito de wellness em um condom\u00ednio p\u00e9 na areia<\/strong><\/li>\n<li><strong>Mata Atl\u00e2ntica em Trancoso: por que preservar os \u00faltimos ref\u00fagios intactos da regi\u00e3o<\/strong><\/li>\n<\/ul>\n<hr \/>\n<p><em>As imagens, ilustra\u00e7\u00f5es e perspectivas t\u00eam car\u00e1ter meramente ilustrativo (Lei 4591\/64, bem a ser constru\u00eddo). Mobili\u00e1rio, acabamentos e paisagismo das \u00e1reas comuns s\u00e3o refer\u00eancia e podem sofrer altera\u00e7\u00f5es. Dados de incorpora\u00e7\u00e3o e licen\u00e7a seguem os registros vigentes no cart\u00f3rio de Porto Seguro, BA.<\/em><\/p>","protected":false},"excerpt":{"rendered":"<p>H\u00e1 um instante, ao fim da tarde em Ta\u00edpe, em que a luz dourada atravessa as copas e desenha sombras m\u00f3veis sobre o ch\u00e3o. O ar muda de temperatura, o som\u2026<\/p>","protected":false},"author":4,"featured_media":435,"comment_status":"open","ping_status":"open","sticky":false,"template":"","format":"standard","meta":{"_yoast_wpseo_focuskw":"design biof\u00edlico","_yoast_wpseo_metadesc":"H\u00e1 um instante, ao fim da tarde em Ta\u00edpe, em que a luz dourada atravessa as copas e desenha sombras m\u00f3veis sobre o ch\u00e3o. O ar muda de temperatura, o som\u2026","footnotes":""},"categories":[3],"tags":[30,12,11],"class_list":["post-250","post","type-post","status-publish","format-standard","has-post-thumbnail","hentry","category-arquitetura-e-design","tag-design-biofilico","tag-taipe","tag-trancoso"],"yoast_head":"<!-- This site is optimized with the Yoast SEO plugin v26.8 - https:\/\/yoast.com\/product\/yoast-seo-wordpress\/ -->\n<title>Design biof\u00edlico: quando a casa respira no mesmo ritmo da Mata Atl\u00e2ntica - Ta\u00edpe<\/title>\n<meta name=\"description\" content=\"H\u00e1 um instante, ao fim da tarde em Ta\u00edpe, em que a luz dourada atravessa as copas e desenha sombras m\u00f3veis sobre o ch\u00e3o. O ar muda de temperatura, o som\u2026\" \/>\n<meta name=\"robots\" content=\"index, follow, max-snippet:-1, max-image-preview:large, max-video-preview:-1\" \/>\n<link rel=\"canonical\" href=\"https:\/\/www.trancosotaipe.com\/en\/design-biofilico-bem-estar\/\" \/>\n<meta property=\"og:locale\" content=\"en_US\" \/>\n<meta property=\"og:type\" content=\"article\" \/>\n<meta property=\"og:title\" content=\"Design biof\u00edlico: quando a casa respira no mesmo ritmo da Mata Atl\u00e2ntica - Ta\u00edpe\" \/>\n<meta property=\"og:description\" content=\"H\u00e1 um instante, ao fim da tarde em Ta\u00edpe, em que a luz dourada atravessa as copas e desenha sombras m\u00f3veis sobre o ch\u00e3o. O ar muda de temperatura, o som\u2026\" \/>\n<meta property=\"og:url\" content=\"https:\/\/www.trancosotaipe.com\/en\/design-biofilico-bem-estar\/\" \/>\n<meta property=\"og:site_name\" content=\"Ta\u00edpe\" \/>\n<meta property=\"article:publisher\" content=\"https:\/\/www.instagram.com\/taipetrancoso\/\" \/>\n<meta property=\"article:published_time\" content=\"2026-05-04T12:00:00+00:00\" \/>\n<meta property=\"article:modified_time\" content=\"2026-08-25T14:00:38+00:00\" \/>\n<meta property=\"og:image\" content=\"https:\/\/www.trancosotaipe.com\/cms\/wp-content\/uploads\/2026\/06\/hero-18-2.webp\" \/>\n\t<meta property=\"og:image:width\" content=\"1440\" \/>\n\t<meta property=\"og:image:height\" content=\"810\" \/>\n\t<meta property=\"og:image:type\" content=\"image\/webp\" \/>\n<meta name=\"author\" content=\"Ta\u00edpe\" \/>\n<meta name=\"twitter:card\" content=\"summary_large_image\" \/>\n<meta name=\"twitter:label1\" content=\"Written by\" \/>\n\t<meta name=\"twitter:data1\" content=\"Ta\u00edpe\" \/>\n\t<meta name=\"twitter:label2\" content=\"Est. reading time\" \/>\n\t<meta name=\"twitter:data2\" content=\"9 minutes\" \/>\n<script type=\"application\/ld+json\" class=\"yoast-schema-graph\">{\"@context\":\"https:\/\/schema.org\",\"@graph\":[{\"@type\":\"Article\",\"@id\":\"https:\/\/www.trancosotaipe.com\/design-biofilico-bem-estar\/#article\",\"isPartOf\":{\"@id\":\"https:\/\/www.trancosotaipe.com\/design-biofilico-bem-estar\/\"},\"author\":{\"name\":\"Ta\u00edpe\",\"@id\":\"https:\/\/www.trancosotaipe.com\/#\/schema\/person\/c0c2900bf8502790ebf104dbf5ca0cae\"},\"headline\":\"Design biof\u00edlico: quando a casa respira no mesmo ritmo da Mata Atl\u00e2ntica\",\"datePublished\":\"2026-05-04T12:00:00+00:00\",\"dateModified\":\"2026-08-25T14:00:38+00:00\",\"mainEntityOfPage\":{\"@id\":\"https:\/\/www.trancosotaipe.com\/design-biofilico-bem-estar\/\"},\"wordCount\":1715,\"commentCount\":0,\"publisher\":{\"@id\":\"https:\/\/www.trancosotaipe.com\/#organization\"},\"image\":{\"@id\":\"https:\/\/www.trancosotaipe.com\/design-biofilico-bem-estar\/#primaryimage\"},\"thumbnailUrl\":\"https:\/\/www.trancosotaipe.com\/cms\/wp-content\/uploads\/2026\/06\/hero-18-2.webp\",\"keywords\":[\"design biof\u00edlico\",\"Ta\u00edpe\",\"Trancoso\"],\"articleSection\":[\"Arquitetura e Design\"],\"inLanguage\":\"en-US\",\"potentialAction\":[{\"@type\":\"CommentAction\",\"name\":\"Comment\",\"target\":[\"https:\/\/www.trancosotaipe.com\/design-biofilico-bem-estar\/#respond\"]}]},{\"@type\":\"WebPage\",\"@id\":\"https:\/\/www.trancosotaipe.com\/design-biofilico-bem-estar\/\",\"url\":\"https:\/\/www.trancosotaipe.com\/design-biofilico-bem-estar\/\",\"name\":\"Design biof\u00edlico: quando a casa respira no mesmo ritmo da Mata Atl\u00e2ntica - Ta\u00edpe\",\"isPartOf\":{\"@id\":\"https:\/\/www.trancosotaipe.com\/#website\"},\"primaryImageOfPage\":{\"@id\":\"https:\/\/www.trancosotaipe.com\/design-biofilico-bem-estar\/#primaryimage\"},\"image\":{\"@id\":\"https:\/\/www.trancosotaipe.com\/design-biofilico-bem-estar\/#primaryimage\"},\"thumbnailUrl\":\"https:\/\/www.trancosotaipe.com\/cms\/wp-content\/uploads\/2026\/06\/hero-18-2.webp\",\"datePublished\":\"2026-05-04T12:00:00+00:00\",\"dateModified\":\"2026-08-25T14:00:38+00:00\",\"description\":\"H\u00e1 um instante, ao fim da tarde em Ta\u00edpe, em que a luz dourada atravessa as copas e desenha sombras m\u00f3veis sobre o ch\u00e3o. O ar muda de temperatura, o som\u2026\",\"breadcrumb\":{\"@id\":\"https:\/\/www.trancosotaipe.com\/design-biofilico-bem-estar\/#breadcrumb\"},\"inLanguage\":\"en-US\",\"potentialAction\":[{\"@type\":\"ReadAction\",\"target\":[\"https:\/\/www.trancosotaipe.com\/design-biofilico-bem-estar\/\"]}]},{\"@type\":\"ImageObject\",\"inLanguage\":\"en-US\",\"@id\":\"https:\/\/www.trancosotaipe.com\/design-biofilico-bem-estar\/#primaryimage\",\"url\":\"https:\/\/www.trancosotaipe.com\/cms\/wp-content\/uploads\/2026\/06\/hero-18-2.webp\",\"contentUrl\":\"https:\/\/www.trancosotaipe.com\/cms\/wp-content\/uploads\/2026\/06\/hero-18-2.webp\",\"width\":1440,\"height\":810,\"caption\":\"Arquitetura biof\u00edlica aberta para a Mata Atl\u00e2ntica em Ta\u00edpe, Trancoso\"},{\"@type\":\"BreadcrumbList\",\"@id\":\"https:\/\/www.trancosotaipe.com\/design-biofilico-bem-estar\/#breadcrumb\",\"itemListElement\":[{\"@type\":\"ListItem\",\"position\":1,\"name\":\"In\u00edcio\",\"item\":\"https:\/\/www.trancosotaipe.com\/\"},{\"@type\":\"ListItem\",\"position\":2,\"name\":\"Design biof\u00edlico: quando a casa respira no mesmo ritmo da Mata Atl\u00e2ntica\"}]},{\"@type\":\"WebSite\",\"@id\":\"https:\/\/www.trancosotaipe.com\/#website\",\"url\":\"https:\/\/www.trancosotaipe.com\/\",\"name\":\"Ta\u00edpe Trancoso\",\"description\":\"Portal oficial do empreendimento Ta\u00edpe Trancoso, oferecendo informa\u00e7\u00f5es sobre vilas residenciais de alto padr\u00e3o na Bahia.\",\"publisher\":{\"@id\":\"https:\/\/www.trancosotaipe.com\/#organization\"},\"alternateName\":\"Ta\u00edpe\",\"potentialAction\":[{\"@type\":\"SearchAction\",\"target\":{\"@type\":\"EntryPoint\",\"urlTemplate\":\"https:\/\/www.trancosotaipe.com\/?s={search_term_string}\"},\"query-input\":{\"@type\":\"PropertyValueSpecification\",\"valueRequired\":true,\"valueName\":\"search_term_string\"}}],\"inLanguage\":\"en-US\"},{\"@type\":\"Organization\",\"@id\":\"https:\/\/www.trancosotaipe.com\/#organization\",\"name\":\"Ta\u00edpe Trancoso\",\"alternateName\":\"Ta\u00edpe\",\"url\":\"https:\/\/www.trancosotaipe.com\/\",\"logo\":{\"@type\":\"ImageObject\",\"inLanguage\":\"en-US\",\"@id\":\"https:\/\/www.trancosotaipe.com\/#\/schema\/logo\/image\/\",\"url\":\"https:\/\/www.trancosotaipe.com\/cms\/wp-content\/uploads\/2026\/01\/taipe-trancoso-bahia.webp\",\"contentUrl\":\"https:\/\/www.trancosotaipe.com\/cms\/wp-content\/uploads\/2026\/01\/taipe-trancoso-bahia.webp\",\"width\":1200,\"height\":675,\"caption\":\"Ta\u00edpe Trancoso\"},\"image\":{\"@id\":\"https:\/\/www.trancosotaipe.com\/#\/schema\/logo\/image\/\"},\"sameAs\":[\"https:\/\/www.instagram.com\/taipetrancoso\/\"]},{\"@type\":\"Person\",\"@id\":\"https:\/\/www.trancosotaipe.com\/#\/schema\/person\/c0c2900bf8502790ebf104dbf5ca0cae\",\"name\":\"Ta\u00edpe\",\"image\":{\"@type\":\"ImageObject\",\"inLanguage\":\"en-US\",\"@id\":\"https:\/\/www.trancosotaipe.com\/#\/schema\/person\/image\/\",\"url\":\"https:\/\/secure.gravatar.com\/avatar\/28f5e082e790ad6550398397824df12dbb20fb60934bbd397c8dc1425ba4c9f6?s=96&d=mm&r=g\",\"contentUrl\":\"https:\/\/secure.gravatar.com\/avatar\/28f5e082e790ad6550398397824df12dbb20fb60934bbd397c8dc1425ba4c9f6?s=96&d=mm&r=g\",\"caption\":\"Ta\u00edpe\"},\"description\":\"Conte\u00fado produzido pela equipe editorial de Ta\u00edpe, empreendimento residencial de alto padr\u00e3o do Grupo Enseada Realty na Praia de Ta\u00edpe, em Trancoso, Bahia. Textos sobre a regi\u00e3o, sua geografia, cultura e modo de vida, com informa\u00e7\u00f5es verificadas em fontes oficiais.\",\"sameAs\":[\"https:\/\/www.trancosotaipe.com\/\"],\"url\":\"https:\/\/www.trancosotaipe.com\/en\/author\/seo-nucleo\/\"}]}<\/script>\n<!-- \/ Yoast SEO plugin. -->","yoast_head_json":{"title":"Design biof\u00edlico: quando a casa respira no mesmo ritmo da Mata Atl\u00e2ntica - Ta\u00edpe","description":"H\u00e1 um instante, ao fim da tarde em Ta\u00edpe, em que a luz dourada atravessa as copas e desenha sombras m\u00f3veis sobre o ch\u00e3o. O ar muda de temperatura, o som\u2026","robots":{"index":"index","follow":"follow","max-snippet":"max-snippet:-1","max-image-preview":"max-image-preview:large","max-video-preview":"max-video-preview:-1"},"canonical":"https:\/\/www.trancosotaipe.com\/en\/design-biofilico-bem-estar\/","og_locale":"en_US","og_type":"article","og_title":"Design biof\u00edlico: quando a casa respira no mesmo ritmo da Mata Atl\u00e2ntica - Ta\u00edpe","og_description":"H\u00e1 um instante, ao fim da tarde em Ta\u00edpe, em que a luz dourada atravessa as copas e desenha sombras m\u00f3veis sobre o ch\u00e3o. O ar muda de temperatura, o som\u2026","og_url":"https:\/\/www.trancosotaipe.com\/en\/design-biofilico-bem-estar\/","og_site_name":"Ta\u00edpe","article_publisher":"https:\/\/www.instagram.com\/taipetrancoso\/","article_published_time":"2026-05-04T12:00:00+00:00","article_modified_time":"2026-08-25T14:00:38+00:00","og_image":[{"width":1440,"height":810,"url":"https:\/\/www.trancosotaipe.com\/cms\/wp-content\/uploads\/2026\/06\/hero-18-2.webp","type":"image\/webp"}],"author":"Ta\u00edpe","twitter_card":"summary_large_image","twitter_misc":{"Written by":"Ta\u00edpe","Est. reading time":"9 minutes"},"schema":{"@context":"https:\/\/schema.org","@graph":[{"@type":"Article","@id":"https:\/\/www.trancosotaipe.com\/design-biofilico-bem-estar\/#article","isPartOf":{"@id":"https:\/\/www.trancosotaipe.com\/design-biofilico-bem-estar\/"},"author":{"name":"Ta\u00edpe","@id":"https:\/\/www.trancosotaipe.com\/#\/schema\/person\/c0c2900bf8502790ebf104dbf5ca0cae"},"headline":"Design biof\u00edlico: quando a casa respira no mesmo ritmo da Mata Atl\u00e2ntica","datePublished":"2026-05-04T12:00:00+00:00","dateModified":"2026-08-25T14:00:38+00:00","mainEntityOfPage":{"@id":"https:\/\/www.trancosotaipe.com\/design-biofilico-bem-estar\/"},"wordCount":1715,"commentCount":0,"publisher":{"@id":"https:\/\/www.trancosotaipe.com\/#organization"},"image":{"@id":"https:\/\/www.trancosotaipe.com\/design-biofilico-bem-estar\/#primaryimage"},"thumbnailUrl":"https:\/\/www.trancosotaipe.com\/cms\/wp-content\/uploads\/2026\/06\/hero-18-2.webp","keywords":["design biof\u00edlico","Ta\u00edpe","Trancoso"],"articleSection":["Arquitetura e Design"],"inLanguage":"en-US","potentialAction":[{"@type":"CommentAction","name":"Comment","target":["https:\/\/www.trancosotaipe.com\/design-biofilico-bem-estar\/#respond"]}]},{"@type":"WebPage","@id":"https:\/\/www.trancosotaipe.com\/design-biofilico-bem-estar\/","url":"https:\/\/www.trancosotaipe.com\/design-biofilico-bem-estar\/","name":"Design biof\u00edlico: quando a casa respira no mesmo ritmo da Mata Atl\u00e2ntica - Ta\u00edpe","isPartOf":{"@id":"https:\/\/www.trancosotaipe.com\/#website"},"primaryImageOfPage":{"@id":"https:\/\/www.trancosotaipe.com\/design-biofilico-bem-estar\/#primaryimage"},"image":{"@id":"https:\/\/www.trancosotaipe.com\/design-biofilico-bem-estar\/#primaryimage"},"thumbnailUrl":"https:\/\/www.trancosotaipe.com\/cms\/wp-content\/uploads\/2026\/06\/hero-18-2.webp","datePublished":"2026-05-04T12:00:00+00:00","dateModified":"2026-08-25T14:00:38+00:00","description":"H\u00e1 um instante, ao fim da tarde em Ta\u00edpe, em que a luz dourada atravessa as copas e desenha sombras m\u00f3veis sobre o ch\u00e3o. O ar muda de temperatura, o som\u2026","breadcrumb":{"@id":"https:\/\/www.trancosotaipe.com\/design-biofilico-bem-estar\/#breadcrumb"},"inLanguage":"en-US","potentialAction":[{"@type":"ReadAction","target":["https:\/\/www.trancosotaipe.com\/design-biofilico-bem-estar\/"]}]},{"@type":"ImageObject","inLanguage":"en-US","@id":"https:\/\/www.trancosotaipe.com\/design-biofilico-bem-estar\/#primaryimage","url":"https:\/\/www.trancosotaipe.com\/cms\/wp-content\/uploads\/2026\/06\/hero-18-2.webp","contentUrl":"https:\/\/www.trancosotaipe.com\/cms\/wp-content\/uploads\/2026\/06\/hero-18-2.webp","width":1440,"height":810,"caption":"Arquitetura biof\u00edlica aberta para a Mata Atl\u00e2ntica em Ta\u00edpe, Trancoso"},{"@type":"BreadcrumbList","@id":"https:\/\/www.trancosotaipe.com\/design-biofilico-bem-estar\/#breadcrumb","itemListElement":[{"@type":"ListItem","position":1,"name":"In\u00edcio","item":"https:\/\/www.trancosotaipe.com\/"},{"@type":"ListItem","position":2,"name":"Design biof\u00edlico: quando a casa respira no mesmo ritmo da Mata Atl\u00e2ntica"}]},{"@type":"WebSite","@id":"https:\/\/www.trancosotaipe.com\/#website","url":"https:\/\/www.trancosotaipe.com\/","name":"Ta\u00edpe Trancoso","description":"Portal oficial do empreendimento Ta\u00edpe Trancoso, oferecendo informa\u00e7\u00f5es sobre vilas residenciais de alto padr\u00e3o na Bahia.","publisher":{"@id":"https:\/\/www.trancosotaipe.com\/#organization"},"alternateName":"Ta\u00edpe","potentialAction":[{"@type":"SearchAction","target":{"@type":"EntryPoint","urlTemplate":"https:\/\/www.trancosotaipe.com\/?s={search_term_string}"},"query-input":{"@type":"PropertyValueSpecification","valueRequired":true,"valueName":"search_term_string"}}],"inLanguage":"en-US"},{"@type":"Organization","@id":"https:\/\/www.trancosotaipe.com\/#organization","name":"Ta\u00edpe Trancoso","alternateName":"Ta\u00edpe","url":"https:\/\/www.trancosotaipe.com\/","logo":{"@type":"ImageObject","inLanguage":"en-US","@id":"https:\/\/www.trancosotaipe.com\/#\/schema\/logo\/image\/","url":"https:\/\/www.trancosotaipe.com\/cms\/wp-content\/uploads\/2026\/01\/taipe-trancoso-bahia.webp","contentUrl":"https:\/\/www.trancosotaipe.com\/cms\/wp-content\/uploads\/2026\/01\/taipe-trancoso-bahia.webp","width":1200,"height":675,"caption":"Ta\u00edpe Trancoso"},"image":{"@id":"https:\/\/www.trancosotaipe.com\/#\/schema\/logo\/image\/"},"sameAs":["https:\/\/www.instagram.com\/taipetrancoso\/"]},{"@type":"Person","@id":"https:\/\/www.trancosotaipe.com\/#\/schema\/person\/c0c2900bf8502790ebf104dbf5ca0cae","name":"Ta\u00edpe","image":{"@type":"ImageObject","inLanguage":"en-US","@id":"https:\/\/www.trancosotaipe.com\/#\/schema\/person\/image\/","url":"https:\/\/secure.gravatar.com\/avatar\/28f5e082e790ad6550398397824df12dbb20fb60934bbd397c8dc1425ba4c9f6?s=96&d=mm&r=g","contentUrl":"https:\/\/secure.gravatar.com\/avatar\/28f5e082e790ad6550398397824df12dbb20fb60934bbd397c8dc1425ba4c9f6?s=96&d=mm&r=g","caption":"Ta\u00edpe"},"description":"Conte\u00fado produzido pela equipe editorial de Ta\u00edpe, empreendimento residencial de alto padr\u00e3o do Grupo Enseada Realty na Praia de Ta\u00edpe, em Trancoso, Bahia. Textos sobre a regi\u00e3o, sua geografia, cultura e modo de vida, com informa\u00e7\u00f5es verificadas em fontes oficiais.","sameAs":["https:\/\/www.trancosotaipe.com\/"],"url":"https:\/\/www.trancosotaipe.com\/en\/author\/seo-nucleo\/"}]}},"_links":{"self":[{"href":"https:\/\/www.trancosotaipe.com\/en\/wp-json\/wp\/v2\/posts\/250","targetHints":{"allow":["GET"]}}],"collection":[{"href":"https:\/\/www.trancosotaipe.com\/en\/wp-json\/wp\/v2\/posts"}],"about":[{"href":"https:\/\/www.trancosotaipe.com\/en\/wp-json\/wp\/v2\/types\/post"}],"author":[{"embeddable":true,"href":"https:\/\/www.trancosotaipe.com\/en\/wp-json\/wp\/v2\/users\/4"}],"replies":[{"embeddable":true,"href":"https:\/\/www.trancosotaipe.com\/en\/wp-json\/wp\/v2\/comments?post=250"}],"version-history":[{"count":3,"href":"https:\/\/www.trancosotaipe.com\/en\/wp-json\/wp\/v2\/posts\/250\/revisions"}],"predecessor-version":[{"id":551,"href":"https:\/\/www.trancosotaipe.com\/en\/wp-json\/wp\/v2\/posts\/250\/revisions\/551"}],"wp:featuredmedia":[{"embeddable":true,"href":"https:\/\/www.trancosotaipe.com\/en\/wp-json\/wp\/v2\/media\/435"}],"wp:attachment":[{"href":"https:\/\/www.trancosotaipe.com\/en\/wp-json\/wp\/v2\/media?parent=250"}],"wp:term":[{"taxonomy":"category","embeddable":true,"href":"https:\/\/www.trancosotaipe.com\/en\/wp-json\/wp\/v2\/categories?post=250"},{"taxonomy":"post_tag","embeddable":true,"href":"https:\/\/www.trancosotaipe.com\/en\/wp-json\/wp\/v2\/tags?post=250"}],"curies":[{"name":"wp","href":"https:\/\/api.w.org\/{rel}","templated":true}]}}